{"id":13043,"date":"2024-08-06T11:21:47","date_gmt":"2024-08-06T09:21:47","guid":{"rendered":"https:\/\/www.perfectvanwamel.com\/unkategorisiert\/open-day-proeftuin-randwijk-2024\/"},"modified":"2024-08-06T15:26:40","modified_gmt":"2024-08-06T13:26:40","slug":"open-day-proeftuin-randwijk-2024","status":"publish","type":"post","link":"https:\/\/www.perfectvanwamel.com\/de\/messe\/open-day-proeftuin-randwijk-2024\/","title":{"rendered":"Open day @ Proeftuin Randwijk 2024"},"content":{"rendered":"<p>Treffen Sie Perfect van Wamel w\u00e4hrend des Unternehmenstages bei Proeftuin Randwijk am Donnerstag, 15. August 2024!<\/p>\n<p>Grundriss &#8211; Stand Nummer 17:<\/p>\n<p><img decoding=\"async\" class=\"alignnone wp-image-13031 size-full\" src=\"https:\/\/www.perfectvanwamel.com\/wp-content\/uploads\/2024\/08\/Plattegrond-PERFECT-Proeftuin-Randwijk-2024.jpg\" alt=\"\" width=\"1209\" height=\"806\" srcset=\"https:\/\/www.perfectvanwamel.com\/wp-content\/uploads\/2024\/08\/Plattegrond-PERFECT-Proeftuin-Randwijk-2024.jpg 1209w, https:\/\/www.perfectvanwamel.com\/wp-content\/uploads\/2024\/08\/Plattegrond-PERFECT-Proeftuin-Randwijk-2024-300x200.jpg 300w, https:\/\/www.perfectvanwamel.com\/wp-content\/uploads\/2024\/08\/Plattegrond-PERFECT-Proeftuin-Randwijk-2024-1024x683.jpg 1024w, https:\/\/www.perfectvanwamel.com\/wp-content\/uploads\/2024\/08\/Plattegrond-PERFECT-Proeftuin-Randwijk-2024-600x400.jpg 600w\" sizes=\"(max-width: 1209px) 100vw, 1209px\" \/><\/p>\n<p><b>Bezoekers zijn welkom:<br \/>\n<\/b>Donnerstag 15 Augustus 2024 von 14:30 Uhr bis 21:00 Uhr<\/p>\n<p><strong>Programm<\/strong><\/p>\n<p>Wir beginnen mit den F\u00fchrungen um 15 Uhr. Die F\u00fchrungen enden gegen 18:00 Uhr, danach besteht die M\u00f6glichkeit, zu essen und die verschiedenen St\u00e4nde zu besuchen.<\/p>\n<p>Von 19:00 bis 21:00 Uhr k\u00f6nnen die Besucher die St\u00e4nde und Vorf\u00fchrungen des Abendprogramms auf eigene Faust besuchen.<\/p>\n<p>Auch an diesem Tag der offenen T\u00fcr erwarten wir \u00fcber 600 nationale und internationale Besucher.<\/p>\n<p><b>Adres<br \/>\n<\/b>Proeftuin Randwijk<br \/>\nLingewal 1b<br \/>\n6668 LA Randwijk<br \/>\nNederland<\/p>\n<p><b>Contact ons Sales team voor meer informatie:<\/b> <a href=\"mailto:sales@vanwamel.nl\">sales@vanwamel.nl<\/a><\/p>\n<p>Meer informatie over <a href=\"https:\/\/proeftuinrandwijk.nl\/\">proeftuin Randwijk<\/a><\/p>\n","protected":false},"excerpt":{"rendered":"<p>Treffen Sie Perfect van Wamel w\u00e4hrend des Unternehmenstages bei Proeftuin Randwijk am Donnerstag, 15. August 2024! Grundriss &#8211; Stand Nummer 17: Bezoekers zijn welkom: Donnerstag 15 Augustus 2024 von 14:30 Uhr bis 21:00 Uhr Programm Wir beginnen mit den F\u00fchrungen um 15 Uhr. Die F\u00fchrungen enden gegen 18:00 Uhr, danach besteht die M\u00f6glichkeit, zu essen&#8230;<\/p>\n","protected":false},"author":298,"featured_media":13030,"comment_status":"closed","ping_status":"open","sticky":false,"template":"","format":"standard","meta":{"_acf_changed":false,"footnotes":""},"categories":[1003],"tags":[],"class_list":["post-13043","post","type-post","status-publish","format-standard","has-post-thumbnail","hentry","category-messe"],"acf":[],"yoast_head":"<!-- This site is optimized with the Yoast SEO plugin v27.5 - https:\/\/yoast.com\/product\/yoast-seo-wordpress\/ -->\n<title>Open day @ Proeftuin Randwijk 2024 - PERFECT - Van Wamel<\/title>\n<meta name=\"description\" content=\"Perfect van Wamel at Proeftuin Randwijk op 15 augustus 2024\" \/>\n<meta name=\"robots\" content=\"index, follow, max-snippet:-1, max-image-preview:large, max-video-preview:-1\" \/>\n<link rel=\"canonical\" href=\"https:\/\/www.perfectvanwamel.com\/de\/messe\/open-day-proeftuin-randwijk-2024\/\" \/>\n<meta property=\"og:locale\" content=\"de_DE\" \/>\n<meta property=\"og:type\" content=\"article\" \/>\n<meta property=\"og:title\" content=\"Open day @ Proeftuin Randwijk 2024 - PERFECT - Van Wamel\" \/>\n<meta property=\"og:description\" content=\"Perfect van Wamel at Proeftuin Randwijk op 15 augustus 2024\" \/>\n<meta property=\"og:url\" content=\"https:\/\/www.perfectvanwamel.com\/de\/messe\/open-day-proeftuin-randwijk-2024\/\" \/>\n<meta property=\"og:site_name\" content=\"PERFECT - Van Wamel\" \/>\n<meta property=\"article:published_time\" content=\"2024-08-06T09:21:47+00:00\" \/>\n<meta property=\"article:modified_time\" content=\"2024-08-06T13:26:40+00:00\" \/>\n<meta property=\"og:image\" content=\"https:\/\/staging.perfectvanwamel.com\/wp-content\/uploads\/2024\/08\/Proeftuin-Randwijk-open-dag-met-PERFECT-1024x576.png\" \/>\n\t<meta property=\"og:image:width\" content=\"1024\" \/>\n\t<meta property=\"og:image:height\" content=\"576\" \/>\n\t<meta property=\"og:image:type\" content=\"image\/png\" \/>\n<meta name=\"author\" content=\"mireilledjong\" \/>\n<meta name=\"twitter:card\" content=\"summary_large_image\" \/>\n<meta name=\"twitter:label1\" content=\"Verfasst von\" \/>\n\t<meta name=\"twitter:data1\" content=\"mireilledjong\" \/>\n\t<meta name=\"twitter:label2\" content=\"Gesch\u00e4tzte Lesezeit\" \/>\n\t<meta name=\"twitter:data2\" content=\"1\u00a0Minute\" \/>\n<script type=\"application\/ld+json\" class=\"yoast-schema-graph\">{\"@context\":\"https:\\\/\\\/schema.org\",\"@graph\":[{\"@type\":\"Article\",\"@id\":\"https:\\\/\\\/www.perfectvanwamel.com\\\/de\\\/messe\\\/open-day-proeftuin-randwijk-2024\\\/#article\",\"isPartOf\":{\"@id\":\"https:\\\/\\\/www.perfectvanwamel.com\\\/de\\\/messe\\\/open-day-proeftuin-randwijk-2024\\\/\"},\"author\":{\"name\":\"mireilledjong\",\"@id\":\"https:\\\/\\\/www.perfectvanwamel.com\\\/de\\\/#\\\/schema\\\/person\\\/c57294d62952029fe4f3921c19ab3d91\"},\"headline\":\"Open day @ Proeftuin Randwijk 2024\",\"datePublished\":\"2024-08-06T09:21:47+00:00\",\"dateModified\":\"2024-08-06T13:26:40+00:00\",\"mainEntityOfPage\":{\"@id\":\"https:\\\/\\\/www.perfectvanwamel.com\\\/de\\\/messe\\\/open-day-proeftuin-randwijk-2024\\\/\"},\"wordCount\":118,\"image\":{\"@id\":\"https:\\\/\\\/www.perfectvanwamel.com\\\/de\\\/messe\\\/open-day-proeftuin-randwijk-2024\\\/#primaryimage\"},\"thumbnailUrl\":\"https:\\\/\\\/www.perfectvanwamel.com\\\/wp-content\\\/uploads\\\/2024\\\/08\\\/Proeftuin-Randwijk-open-dag-met-PERFECT.png\",\"articleSection\":[\"Messe\"],\"inLanguage\":\"de\"},{\"@type\":\"WebPage\",\"@id\":\"https:\\\/\\\/www.perfectvanwamel.com\\\/de\\\/messe\\\/open-day-proeftuin-randwijk-2024\\\/\",\"url\":\"https:\\\/\\\/www.perfectvanwamel.com\\\/de\\\/messe\\\/open-day-proeftuin-randwijk-2024\\\/\",\"name\":\"Open day @ Proeftuin Randwijk 2024 - PERFECT - Van Wamel\",\"isPartOf\":{\"@id\":\"https:\\\/\\\/www.perfectvanwamel.com\\\/de\\\/#website\"},\"primaryImageOfPage\":{\"@id\":\"https:\\\/\\\/www.perfectvanwamel.com\\\/de\\\/messe\\\/open-day-proeftuin-randwijk-2024\\\/#primaryimage\"},\"image\":{\"@id\":\"https:\\\/\\\/www.perfectvanwamel.com\\\/de\\\/messe\\\/open-day-proeftuin-randwijk-2024\\\/#primaryimage\"},\"thumbnailUrl\":\"https:\\\/\\\/www.perfectvanwamel.com\\\/wp-content\\\/uploads\\\/2024\\\/08\\\/Proeftuin-Randwijk-open-dag-met-PERFECT.png\",\"datePublished\":\"2024-08-06T09:21:47+00:00\",\"dateModified\":\"2024-08-06T13:26:40+00:00\",\"author\":{\"@id\":\"https:\\\/\\\/www.perfectvanwamel.com\\\/de\\\/#\\\/schema\\\/person\\\/c57294d62952029fe4f3921c19ab3d91\"},\"description\":\"Perfect van Wamel at Proeftuin Randwijk op 15 augustus 2024\",\"breadcrumb\":{\"@id\":\"https:\\\/\\\/www.perfectvanwamel.com\\\/de\\\/messe\\\/open-day-proeftuin-randwijk-2024\\\/#breadcrumb\"},\"inLanguage\":\"de\",\"potentialAction\":[{\"@type\":\"ReadAction\",\"target\":[\"https:\\\/\\\/www.perfectvanwamel.com\\\/de\\\/messe\\\/open-day-proeftuin-randwijk-2024\\\/\"]}]},{\"@type\":\"ImageObject\",\"inLanguage\":\"de\",\"@id\":\"https:\\\/\\\/www.perfectvanwamel.com\\\/de\\\/messe\\\/open-day-proeftuin-randwijk-2024\\\/#primaryimage\",\"url\":\"https:\\\/\\\/www.perfectvanwamel.com\\\/wp-content\\\/uploads\\\/2024\\\/08\\\/Proeftuin-Randwijk-open-dag-met-PERFECT.png\",\"contentUrl\":\"https:\\\/\\\/www.perfectvanwamel.com\\\/wp-content\\\/uploads\\\/2024\\\/08\\\/Proeftuin-Randwijk-open-dag-met-PERFECT.png\",\"width\":2560,\"height\":1440},{\"@type\":\"BreadcrumbList\",\"@id\":\"https:\\\/\\\/www.perfectvanwamel.com\\\/de\\\/messe\\\/open-day-proeftuin-randwijk-2024\\\/#breadcrumb\",\"itemListElement\":[{\"@type\":\"ListItem\",\"position\":1,\"name\":\"Home\",\"item\":\"https:\\\/\\\/staging.perfectvanwamel.com\\\/de\\\/\"},{\"@type\":\"ListItem\",\"position\":2,\"name\":\"Open day @ Proeftuin Randwijk 2024\"}]},{\"@type\":\"WebSite\",\"@id\":\"https:\\\/\\\/www.perfectvanwamel.com\\\/de\\\/#website\",\"url\":\"https:\\\/\\\/www.perfectvanwamel.com\\\/de\\\/\",\"name\":\"PERFECT - Van Wamel\",\"description\":\"\",\"potentialAction\":[{\"@type\":\"SearchAction\",\"target\":{\"@type\":\"EntryPoint\",\"urlTemplate\":\"https:\\\/\\\/www.perfectvanwamel.com\\\/de\\\/?s={search_term_string}\"},\"query-input\":{\"@type\":\"PropertyValueSpecification\",\"valueRequired\":true,\"valueName\":\"search_term_string\"}}],\"inLanguage\":\"de\"},{\"@type\":\"Person\",\"@id\":\"https:\\\/\\\/www.perfectvanwamel.com\\\/de\\\/#\\\/schema\\\/person\\\/c57294d62952029fe4f3921c19ab3d91\",\"name\":\"mireilledjong\",\"image\":{\"@type\":\"ImageObject\",\"inLanguage\":\"de\",\"@id\":\"https:\\\/\\\/www.perfectvanwamel.com\\\/wp-content\\\/litespeed\\\/avatar\\\/a9397e32afdcf53b101fac9c60ab9bba.jpg?ver=1777454767\",\"url\":\"https:\\\/\\\/www.perfectvanwamel.com\\\/wp-content\\\/litespeed\\\/avatar\\\/a9397e32afdcf53b101fac9c60ab9bba.jpg?ver=1777454767\",\"contentUrl\":\"https:\\\/\\\/www.perfectvanwamel.com\\\/wp-content\\\/litespeed\\\/avatar\\\/a9397e32afdcf53b101fac9c60ab9bba.jpg?ver=1777454767\",\"caption\":\"mireilledjong\"}}]}<\/script>\n<!-- \/ Yoast SEO plugin. -->","yoast_head_json":{"title":"Open day @ Proeftuin Randwijk 2024 - PERFECT - Van Wamel","description":"Perfect van Wamel at Proeftuin Randwijk op 15 augustus 2024","robots":{"index":"index","follow":"follow","max-snippet":"max-snippet:-1","max-image-preview":"max-image-preview:large","max-video-preview":"max-video-preview:-1"},"canonical":"https:\/\/www.perfectvanwamel.com\/de\/messe\/open-day-proeftuin-randwijk-2024\/","og_locale":"de_DE","og_type":"article","og_title":"Open day @ Proeftuin Randwijk 2024 - PERFECT - Van Wamel","og_description":"Perfect van Wamel at Proeftuin Randwijk op 15 augustus 2024","og_url":"https:\/\/www.perfectvanwamel.com\/de\/messe\/open-day-proeftuin-randwijk-2024\/","og_site_name":"PERFECT - Van Wamel","article_published_time":"2024-08-06T09:21:47+00:00","article_modified_time":"2024-08-06T13:26:40+00:00","og_image":[{"width":1024,"height":576,"url":"https:\/\/staging.perfectvanwamel.com\/wp-content\/uploads\/2024\/08\/Proeftuin-Randwijk-open-dag-met-PERFECT-1024x576.png","type":"image\/png"}],"author":"mireilledjong","twitter_card":"summary_large_image","twitter_misc":{"Verfasst von":"mireilledjong","Gesch\u00e4tzte Lesezeit":"1\u00a0Minute"},"schema":{"@context":"https:\/\/schema.org","@graph":[{"@type":"Article","@id":"https:\/\/www.perfectvanwamel.com\/de\/messe\/open-day-proeftuin-randwijk-2024\/#article","isPartOf":{"@id":"https:\/\/www.perfectvanwamel.com\/de\/messe\/open-day-proeftuin-randwijk-2024\/"},"author":{"name":"mireilledjong","@id":"https:\/\/www.perfectvanwamel.com\/de\/#\/schema\/person\/c57294d62952029fe4f3921c19ab3d91"},"headline":"Open day @ Proeftuin Randwijk 2024","datePublished":"2024-08-06T09:21:47+00:00","dateModified":"2024-08-06T13:26:40+00:00","mainEntityOfPage":{"@id":"https:\/\/www.perfectvanwamel.com\/de\/messe\/open-day-proeftuin-randwijk-2024\/"},"wordCount":118,"image":{"@id":"https:\/\/www.perfectvanwamel.com\/de\/messe\/open-day-proeftuin-randwijk-2024\/#primaryimage"},"thumbnailUrl":"https:\/\/www.perfectvanwamel.com\/wp-content\/uploads\/2024\/08\/Proeftuin-Randwijk-open-dag-met-PERFECT.png","articleSection":["Messe"],"inLanguage":"de"},{"@type":"WebPage","@id":"https:\/\/www.perfectvanwamel.com\/de\/messe\/open-day-proeftuin-randwijk-2024\/","url":"https:\/\/www.perfectvanwamel.com\/de\/messe\/open-day-proeftuin-randwijk-2024\/","name":"Open day @ Proeftuin Randwijk 2024 - PERFECT - Van Wamel","isPartOf":{"@id":"https:\/\/www.perfectvanwamel.com\/de\/#website"},"primaryImageOfPage":{"@id":"https:\/\/www.perfectvanwamel.com\/de\/messe\/open-day-proeftuin-randwijk-2024\/#primaryimage"},"image":{"@id":"https:\/\/www.perfectvanwamel.com\/de\/messe\/open-day-proeftuin-randwijk-2024\/#primaryimage"},"thumbnailUrl":"https:\/\/www.perfectvanwamel.com\/wp-content\/uploads\/2024\/08\/Proeftuin-Randwijk-open-dag-met-PERFECT.png","datePublished":"2024-08-06T09:21:47+00:00","dateModified":"2024-08-06T13:26:40+00:00","author":{"@id":"https:\/\/www.perfectvanwamel.com\/de\/#\/schema\/person\/c57294d62952029fe4f3921c19ab3d91"},"description":"Perfect van Wamel at Proeftuin Randwijk op 15 augustus 2024","breadcrumb":{"@id":"https:\/\/www.perfectvanwamel.com\/de\/messe\/open-day-proeftuin-randwijk-2024\/#breadcrumb"},"inLanguage":"de","potentialAction":[{"@type":"ReadAction","target":["https:\/\/www.perfectvanwamel.com\/de\/messe\/open-day-proeftuin-randwijk-2024\/"]}]},{"@type":"ImageObject","inLanguage":"de","@id":"https:\/\/www.perfectvanwamel.com\/de\/messe\/open-day-proeftuin-randwijk-2024\/#primaryimage","url":"https:\/\/www.perfectvanwamel.com\/wp-content\/uploads\/2024\/08\/Proeftuin-Randwijk-open-dag-met-PERFECT.png","contentUrl":"https:\/\/www.perfectvanwamel.com\/wp-content\/uploads\/2024\/08\/Proeftuin-Randwijk-open-dag-met-PERFECT.png","width":2560,"height":1440},{"@type":"BreadcrumbList","@id":"https:\/\/www.perfectvanwamel.com\/de\/messe\/open-day-proeftuin-randwijk-2024\/#breadcrumb","itemListElement":[{"@type":"ListItem","position":1,"name":"Home","item":"https:\/\/staging.perfectvanwamel.com\/de\/"},{"@type":"ListItem","position":2,"name":"Open day @ Proeftuin Randwijk 2024"}]},{"@type":"WebSite","@id":"https:\/\/www.perfectvanwamel.com\/de\/#website","url":"https:\/\/www.perfectvanwamel.com\/de\/","name":"PERFECT - Van Wamel","description":"","potentialAction":[{"@type":"SearchAction","target":{"@type":"EntryPoint","urlTemplate":"https:\/\/www.perfectvanwamel.com\/de\/?s={search_term_string}"},"query-input":{"@type":"PropertyValueSpecification","valueRequired":true,"valueName":"search_term_string"}}],"inLanguage":"de"},{"@type":"Person","@id":"https:\/\/www.perfectvanwamel.com\/de\/#\/schema\/person\/c57294d62952029fe4f3921c19ab3d91","name":"mireilledjong","image":{"@type":"ImageObject","inLanguage":"de","@id":"https:\/\/www.perfectvanwamel.com\/wp-content\/litespeed\/avatar\/a9397e32afdcf53b101fac9c60ab9bba.jpg?ver=1777454767","url":"https:\/\/www.perfectvanwamel.com\/wp-content\/litespeed\/avatar\/a9397e32afdcf53b101fac9c60ab9bba.jpg?ver=1777454767","contentUrl":"https:\/\/www.perfectvanwamel.com\/wp-content\/litespeed\/avatar\/a9397e32afdcf53b101fac9c60ab9bba.jpg?ver=1777454767","caption":"mireilledjong"}}]}},"_links":{"self":[{"href":"https:\/\/www.perfectvanwamel.com\/de\/wp-json\/wp\/v2\/posts\/13043","targetHints":{"allow":["GET"]}}],"collection":[{"href":"https:\/\/www.perfectvanwamel.com\/de\/wp-json\/wp\/v2\/posts"}],"about":[{"href":"https:\/\/www.perfectvanwamel.com\/de\/wp-json\/wp\/v2\/types\/post"}],"author":[{"embeddable":true,"href":"https:\/\/www.perfectvanwamel.com\/de\/wp-json\/wp\/v2\/users\/298"}],"replies":[{"embeddable":true,"href":"https:\/\/www.perfectvanwamel.com\/de\/wp-json\/wp\/v2\/comments?post=13043"}],"version-history":[{"count":5,"href":"https:\/\/www.perfectvanwamel.com\/de\/wp-json\/wp\/v2\/posts\/13043\/revisions"}],"predecessor-version":[{"id":13113,"href":"https:\/\/www.perfectvanwamel.com\/de\/wp-json\/wp\/v2\/posts\/13043\/revisions\/13113"}],"wp:featuredmedia":[{"embeddable":true,"href":"https:\/\/www.perfectvanwamel.com\/de\/wp-json\/wp\/v2\/media\/13030"}],"wp:attachment":[{"href":"https:\/\/www.perfectvanwamel.com\/de\/wp-json\/wp\/v2\/media?parent=13043"}],"wp:term":[{"taxonomy":"category","embeddable":true,"href":"https:\/\/www.perfectvanwamel.com\/de\/wp-json\/wp\/v2\/categories?post=13043"},{"taxonomy":"post_tag","embeddable":true,"href":"https:\/\/www.perfectvanwamel.com\/de\/wp-json\/wp\/v2\/tags?post=13043"}],"curies":[{"name":"wp","href":"https:\/\/api.w.org\/{rel}","templated":true}]}}