{"id":13447,"date":"2024-08-20T15:31:34","date_gmt":"2024-08-20T13:31:34","guid":{"rendered":"https:\/\/www.perfectvanwamel.com\/unkategorisiert\/zeeuwse-fruitteeltdag-2025\/"},"modified":"2024-08-20T15:31:34","modified_gmt":"2024-08-20T13:31:34","slug":"zeeuwse-fruitteeltdag-2025","status":"publish","type":"post","link":"https:\/\/www.perfectvanwamel.com\/de\/messe\/zeeuwse-fruitteeltdag-2025\/","title":{"rendered":"Zeeuwse Fruitteeltdag 2025"},"content":{"rendered":"<p>Am Donnerstag, den 23. Januar 2025, wird der Zeel\u00e4ndische Obstbautag wieder von der Niederl\u00e4ndischen Obstbauorganisation (NFO) und dem Kring Zuid-West organisiert. Diese gro\u00df angelegte seel\u00e4ndische Veranstaltung f\u00fcr professionelle Obstbauern findet in den Zeelandhallen in Goes statt. Den ganzen Tag \u00fcber werden wir Ihnen unsere Organisation, Produkte und Innovationen vorstellen.<\/p>\n<p>Perfect van Wamel wird auch wieder anwesend sein, um Sie zu treffen, also merken Sie sich den Termin vor: Donnerstag, 23. Januar 2025.<\/p>\n<p>Weitere Informationen werden sp\u00e4ter folgen. Oder besuchen Sie die Website <a href=\"https:\/\/www.nfofruit.nl\/agenda\/zeeuwse-fruitteeltdag-2025\/\">www.nfofruit.nl<\/a><\/p>\n","protected":false},"excerpt":{"rendered":"<p>Am Donnerstag, den 23. Januar 2025, wird der Zeel\u00e4ndische Obstbautag wieder von der Niederl\u00e4ndischen Obstbauorganisation (NFO) und dem Kring Zuid-West organisiert. Diese gro\u00df angelegte seel\u00e4ndische Veranstaltung f\u00fcr professionelle Obstbauern findet in den Zeelandhallen in Goes statt. Den ganzen Tag \u00fcber werden wir Ihnen unsere Organisation, Produkte und Innovationen vorstellen. Perfect van Wamel wird auch wieder&#8230;<\/p>\n","protected":false},"author":298,"featured_media":13445,"comment_status":"closed","ping_status":"open","sticky":false,"template":"","format":"standard","meta":{"_acf_changed":false,"footnotes":""},"categories":[1003],"tags":[],"class_list":["post-13447","post","type-post","status-publish","format-standard","has-post-thumbnail","hentry","category-messe"],"acf":[],"yoast_head":"<!-- This site is optimized with the Yoast SEO plugin v27.5 - https:\/\/yoast.com\/product\/yoast-seo-wordpress\/ -->\n<title>Zeeuwse Fruitteeltdag 2025 - PERFECT - Van Wamel<\/title>\n<meta name=\"robots\" content=\"index, follow, max-snippet:-1, max-image-preview:large, max-video-preview:-1\" \/>\n<link rel=\"canonical\" href=\"https:\/\/www.perfectvanwamel.com\/de\/messe\/zeeuwse-fruitteeltdag-2025\/\" \/>\n<meta property=\"og:locale\" content=\"de_DE\" \/>\n<meta property=\"og:type\" content=\"article\" \/>\n<meta property=\"og:title\" content=\"Zeeuwse Fruitteeltdag 2025 - PERFECT - Van Wamel\" \/>\n<meta property=\"og:description\" content=\"Am Donnerstag, den 23. Januar 2025, wird der Zeel\u00e4ndische Obstbautag wieder von der Niederl\u00e4ndischen Obstbauorganisation (NFO) und dem Kring Zuid-West organisiert. Diese gro\u00df angelegte seel\u00e4ndische Veranstaltung f\u00fcr professionelle Obstbauern findet in den Zeelandhallen in Goes statt. Den ganzen Tag \u00fcber werden wir Ihnen unsere Organisation, Produkte und Innovationen vorstellen. Perfect van Wamel wird auch wieder...\" \/>\n<meta property=\"og:url\" content=\"https:\/\/www.perfectvanwamel.com\/de\/messe\/zeeuwse-fruitteeltdag-2025\/\" \/>\n<meta property=\"og:site_name\" content=\"PERFECT - Van Wamel\" \/>\n<meta property=\"article:published_time\" content=\"2024-08-20T13:31:34+00:00\" \/>\n<meta property=\"og:image\" content=\"https:\/\/staging.perfectvanwamel.com\/wp-content\/uploads\/2024\/08\/Zeeuwse-fruitteeltdag-Save-the-Date.jpg\" \/>\n\t<meta property=\"og:image:width\" content=\"836\" \/>\n\t<meta property=\"og:image:height\" content=\"462\" \/>\n\t<meta property=\"og:image:type\" content=\"image\/jpeg\" \/>\n<meta name=\"author\" content=\"mireilledjong\" \/>\n<meta name=\"twitter:card\" content=\"summary_large_image\" \/>\n<meta name=\"twitter:label1\" content=\"Verfasst von\" \/>\n\t<meta name=\"twitter:data1\" content=\"mireilledjong\" \/>\n<script type=\"application\/ld+json\" class=\"yoast-schema-graph\">{\"@context\":\"https:\\\/\\\/schema.org\",\"@graph\":[{\"@type\":\"Article\",\"@id\":\"https:\\\/\\\/www.perfectvanwamel.com\\\/de\\\/messe\\\/zeeuwse-fruitteeltdag-2025\\\/#article\",\"isPartOf\":{\"@id\":\"https:\\\/\\\/www.perfectvanwamel.com\\\/de\\\/messe\\\/zeeuwse-fruitteeltdag-2025\\\/\"},\"author\":{\"name\":\"mireilledjong\",\"@id\":\"https:\\\/\\\/www.perfectvanwamel.com\\\/de\\\/#\\\/schema\\\/person\\\/c57294d62952029fe4f3921c19ab3d91\"},\"headline\":\"Zeeuwse Fruitteeltdag 2025\",\"datePublished\":\"2024-08-20T13:31:34+00:00\",\"mainEntityOfPage\":{\"@id\":\"https:\\\/\\\/www.perfectvanwamel.com\\\/de\\\/messe\\\/zeeuwse-fruitteeltdag-2025\\\/\"},\"wordCount\":88,\"image\":{\"@id\":\"https:\\\/\\\/www.perfectvanwamel.com\\\/de\\\/messe\\\/zeeuwse-fruitteeltdag-2025\\\/#primaryimage\"},\"thumbnailUrl\":\"https:\\\/\\\/www.perfectvanwamel.com\\\/wp-content\\\/uploads\\\/2024\\\/08\\\/Zeeuwse-fruitteeltdag-Save-the-Date.jpg\",\"articleSection\":[\"Messe\"],\"inLanguage\":\"de\"},{\"@type\":\"WebPage\",\"@id\":\"https:\\\/\\\/www.perfectvanwamel.com\\\/de\\\/messe\\\/zeeuwse-fruitteeltdag-2025\\\/\",\"url\":\"https:\\\/\\\/www.perfectvanwamel.com\\\/de\\\/messe\\\/zeeuwse-fruitteeltdag-2025\\\/\",\"name\":\"Zeeuwse Fruitteeltdag 2025 - PERFECT - Van Wamel\",\"isPartOf\":{\"@id\":\"https:\\\/\\\/www.perfectvanwamel.com\\\/de\\\/#website\"},\"primaryImageOfPage\":{\"@id\":\"https:\\\/\\\/www.perfectvanwamel.com\\\/de\\\/messe\\\/zeeuwse-fruitteeltdag-2025\\\/#primaryimage\"},\"image\":{\"@id\":\"https:\\\/\\\/www.perfectvanwamel.com\\\/de\\\/messe\\\/zeeuwse-fruitteeltdag-2025\\\/#primaryimage\"},\"thumbnailUrl\":\"https:\\\/\\\/www.perfectvanwamel.com\\\/wp-content\\\/uploads\\\/2024\\\/08\\\/Zeeuwse-fruitteeltdag-Save-the-Date.jpg\",\"datePublished\":\"2024-08-20T13:31:34+00:00\",\"author\":{\"@id\":\"https:\\\/\\\/www.perfectvanwamel.com\\\/de\\\/#\\\/schema\\\/person\\\/c57294d62952029fe4f3921c19ab3d91\"},\"breadcrumb\":{\"@id\":\"https:\\\/\\\/www.perfectvanwamel.com\\\/de\\\/messe\\\/zeeuwse-fruitteeltdag-2025\\\/#breadcrumb\"},\"inLanguage\":\"de\",\"potentialAction\":[{\"@type\":\"ReadAction\",\"target\":[\"https:\\\/\\\/www.perfectvanwamel.com\\\/de\\\/messe\\\/zeeuwse-fruitteeltdag-2025\\\/\"]}]},{\"@type\":\"ImageObject\",\"inLanguage\":\"de\",\"@id\":\"https:\\\/\\\/www.perfectvanwamel.com\\\/de\\\/messe\\\/zeeuwse-fruitteeltdag-2025\\\/#primaryimage\",\"url\":\"https:\\\/\\\/www.perfectvanwamel.com\\\/wp-content\\\/uploads\\\/2024\\\/08\\\/Zeeuwse-fruitteeltdag-Save-the-Date.jpg\",\"contentUrl\":\"https:\\\/\\\/www.perfectvanwamel.com\\\/wp-content\\\/uploads\\\/2024\\\/08\\\/Zeeuwse-fruitteeltdag-Save-the-Date.jpg\",\"width\":836,\"height\":462},{\"@type\":\"BreadcrumbList\",\"@id\":\"https:\\\/\\\/www.perfectvanwamel.com\\\/de\\\/messe\\\/zeeuwse-fruitteeltdag-2025\\\/#breadcrumb\",\"itemListElement\":[{\"@type\":\"ListItem\",\"position\":1,\"name\":\"Home\",\"item\":\"https:\\\/\\\/staging.perfectvanwamel.com\\\/de\\\/\"},{\"@type\":\"ListItem\",\"position\":2,\"name\":\"Zeeuwse Fruitteeltdag 2025\"}]},{\"@type\":\"WebSite\",\"@id\":\"https:\\\/\\\/www.perfectvanwamel.com\\\/de\\\/#website\",\"url\":\"https:\\\/\\\/www.perfectvanwamel.com\\\/de\\\/\",\"name\":\"PERFECT - Van Wamel\",\"description\":\"\",\"potentialAction\":[{\"@type\":\"SearchAction\",\"target\":{\"@type\":\"EntryPoint\",\"urlTemplate\":\"https:\\\/\\\/www.perfectvanwamel.com\\\/de\\\/?s={search_term_string}\"},\"query-input\":{\"@type\":\"PropertyValueSpecification\",\"valueRequired\":true,\"valueName\":\"search_term_string\"}}],\"inLanguage\":\"de\"},{\"@type\":\"Person\",\"@id\":\"https:\\\/\\\/www.perfectvanwamel.com\\\/de\\\/#\\\/schema\\\/person\\\/c57294d62952029fe4f3921c19ab3d91\",\"name\":\"mireilledjong\",\"image\":{\"@type\":\"ImageObject\",\"inLanguage\":\"de\",\"@id\":\"https:\\\/\\\/www.perfectvanwamel.com\\\/wp-content\\\/litespeed\\\/avatar\\\/a9397e32afdcf53b101fac9c60ab9bba.jpg?ver=1777454767\",\"url\":\"https:\\\/\\\/www.perfectvanwamel.com\\\/wp-content\\\/litespeed\\\/avatar\\\/a9397e32afdcf53b101fac9c60ab9bba.jpg?ver=1777454767\",\"contentUrl\":\"https:\\\/\\\/www.perfectvanwamel.com\\\/wp-content\\\/litespeed\\\/avatar\\\/a9397e32afdcf53b101fac9c60ab9bba.jpg?ver=1777454767\",\"caption\":\"mireilledjong\"}}]}<\/script>\n<!-- \/ Yoast SEO plugin. -->","yoast_head_json":{"title":"Zeeuwse Fruitteeltdag 2025 - PERFECT - Van Wamel","robots":{"index":"index","follow":"follow","max-snippet":"max-snippet:-1","max-image-preview":"max-image-preview:large","max-video-preview":"max-video-preview:-1"},"canonical":"https:\/\/www.perfectvanwamel.com\/de\/messe\/zeeuwse-fruitteeltdag-2025\/","og_locale":"de_DE","og_type":"article","og_title":"Zeeuwse Fruitteeltdag 2025 - PERFECT - Van Wamel","og_description":"Am Donnerstag, den 23. Januar 2025, wird der Zeel\u00e4ndische Obstbautag wieder von der Niederl\u00e4ndischen Obstbauorganisation (NFO) und dem Kring Zuid-West organisiert. Diese gro\u00df angelegte seel\u00e4ndische Veranstaltung f\u00fcr professionelle Obstbauern findet in den Zeelandhallen in Goes statt. Den ganzen Tag \u00fcber werden wir Ihnen unsere Organisation, Produkte und Innovationen vorstellen. Perfect van Wamel wird auch wieder...","og_url":"https:\/\/www.perfectvanwamel.com\/de\/messe\/zeeuwse-fruitteeltdag-2025\/","og_site_name":"PERFECT - Van Wamel","article_published_time":"2024-08-20T13:31:34+00:00","og_image":[{"width":836,"height":462,"url":"https:\/\/staging.perfectvanwamel.com\/wp-content\/uploads\/2024\/08\/Zeeuwse-fruitteeltdag-Save-the-Date.jpg","type":"image\/jpeg"}],"author":"mireilledjong","twitter_card":"summary_large_image","twitter_misc":{"Verfasst von":"mireilledjong"},"schema":{"@context":"https:\/\/schema.org","@graph":[{"@type":"Article","@id":"https:\/\/www.perfectvanwamel.com\/de\/messe\/zeeuwse-fruitteeltdag-2025\/#article","isPartOf":{"@id":"https:\/\/www.perfectvanwamel.com\/de\/messe\/zeeuwse-fruitteeltdag-2025\/"},"author":{"name":"mireilledjong","@id":"https:\/\/www.perfectvanwamel.com\/de\/#\/schema\/person\/c57294d62952029fe4f3921c19ab3d91"},"headline":"Zeeuwse Fruitteeltdag 2025","datePublished":"2024-08-20T13:31:34+00:00","mainEntityOfPage":{"@id":"https:\/\/www.perfectvanwamel.com\/de\/messe\/zeeuwse-fruitteeltdag-2025\/"},"wordCount":88,"image":{"@id":"https:\/\/www.perfectvanwamel.com\/de\/messe\/zeeuwse-fruitteeltdag-2025\/#primaryimage"},"thumbnailUrl":"https:\/\/www.perfectvanwamel.com\/wp-content\/uploads\/2024\/08\/Zeeuwse-fruitteeltdag-Save-the-Date.jpg","articleSection":["Messe"],"inLanguage":"de"},{"@type":"WebPage","@id":"https:\/\/www.perfectvanwamel.com\/de\/messe\/zeeuwse-fruitteeltdag-2025\/","url":"https:\/\/www.perfectvanwamel.com\/de\/messe\/zeeuwse-fruitteeltdag-2025\/","name":"Zeeuwse Fruitteeltdag 2025 - PERFECT - Van Wamel","isPartOf":{"@id":"https:\/\/www.perfectvanwamel.com\/de\/#website"},"primaryImageOfPage":{"@id":"https:\/\/www.perfectvanwamel.com\/de\/messe\/zeeuwse-fruitteeltdag-2025\/#primaryimage"},"image":{"@id":"https:\/\/www.perfectvanwamel.com\/de\/messe\/zeeuwse-fruitteeltdag-2025\/#primaryimage"},"thumbnailUrl":"https:\/\/www.perfectvanwamel.com\/wp-content\/uploads\/2024\/08\/Zeeuwse-fruitteeltdag-Save-the-Date.jpg","datePublished":"2024-08-20T13:31:34+00:00","author":{"@id":"https:\/\/www.perfectvanwamel.com\/de\/#\/schema\/person\/c57294d62952029fe4f3921c19ab3d91"},"breadcrumb":{"@id":"https:\/\/www.perfectvanwamel.com\/de\/messe\/zeeuwse-fruitteeltdag-2025\/#breadcrumb"},"inLanguage":"de","potentialAction":[{"@type":"ReadAction","target":["https:\/\/www.perfectvanwamel.com\/de\/messe\/zeeuwse-fruitteeltdag-2025\/"]}]},{"@type":"ImageObject","inLanguage":"de","@id":"https:\/\/www.perfectvanwamel.com\/de\/messe\/zeeuwse-fruitteeltdag-2025\/#primaryimage","url":"https:\/\/www.perfectvanwamel.com\/wp-content\/uploads\/2024\/08\/Zeeuwse-fruitteeltdag-Save-the-Date.jpg","contentUrl":"https:\/\/www.perfectvanwamel.com\/wp-content\/uploads\/2024\/08\/Zeeuwse-fruitteeltdag-Save-the-Date.jpg","width":836,"height":462},{"@type":"BreadcrumbList","@id":"https:\/\/www.perfectvanwamel.com\/de\/messe\/zeeuwse-fruitteeltdag-2025\/#breadcrumb","itemListElement":[{"@type":"ListItem","position":1,"name":"Home","item":"https:\/\/staging.perfectvanwamel.com\/de\/"},{"@type":"ListItem","position":2,"name":"Zeeuwse Fruitteeltdag 2025"}]},{"@type":"WebSite","@id":"https:\/\/www.perfectvanwamel.com\/de\/#website","url":"https:\/\/www.perfectvanwamel.com\/de\/","name":"PERFECT - Van Wamel","description":"","potentialAction":[{"@type":"SearchAction","target":{"@type":"EntryPoint","urlTemplate":"https:\/\/www.perfectvanwamel.com\/de\/?s={search_term_string}"},"query-input":{"@type":"PropertyValueSpecification","valueRequired":true,"valueName":"search_term_string"}}],"inLanguage":"de"},{"@type":"Person","@id":"https:\/\/www.perfectvanwamel.com\/de\/#\/schema\/person\/c57294d62952029fe4f3921c19ab3d91","name":"mireilledjong","image":{"@type":"ImageObject","inLanguage":"de","@id":"https:\/\/www.perfectvanwamel.com\/wp-content\/litespeed\/avatar\/a9397e32afdcf53b101fac9c60ab9bba.jpg?ver=1777454767","url":"https:\/\/www.perfectvanwamel.com\/wp-content\/litespeed\/avatar\/a9397e32afdcf53b101fac9c60ab9bba.jpg?ver=1777454767","contentUrl":"https:\/\/www.perfectvanwamel.com\/wp-content\/litespeed\/avatar\/a9397e32afdcf53b101fac9c60ab9bba.jpg?ver=1777454767","caption":"mireilledjong"}}]}},"_links":{"self":[{"href":"https:\/\/www.perfectvanwamel.com\/de\/wp-json\/wp\/v2\/posts\/13447","targetHints":{"allow":["GET"]}}],"collection":[{"href":"https:\/\/www.perfectvanwamel.com\/de\/wp-json\/wp\/v2\/posts"}],"about":[{"href":"https:\/\/www.perfectvanwamel.com\/de\/wp-json\/wp\/v2\/types\/post"}],"author":[{"embeddable":true,"href":"https:\/\/www.perfectvanwamel.com\/de\/wp-json\/wp\/v2\/users\/298"}],"replies":[{"embeddable":true,"href":"https:\/\/www.perfectvanwamel.com\/de\/wp-json\/wp\/v2\/comments?post=13447"}],"version-history":[{"count":0,"href":"https:\/\/www.perfectvanwamel.com\/de\/wp-json\/wp\/v2\/posts\/13447\/revisions"}],"wp:featuredmedia":[{"embeddable":true,"href":"https:\/\/www.perfectvanwamel.com\/de\/wp-json\/wp\/v2\/media\/13445"}],"wp:attachment":[{"href":"https:\/\/www.perfectvanwamel.com\/de\/wp-json\/wp\/v2\/media?parent=13447"}],"wp:term":[{"taxonomy":"category","embeddable":true,"href":"https:\/\/www.perfectvanwamel.com\/de\/wp-json\/wp\/v2\/categories?post=13447"},{"taxonomy":"post_tag","embeddable":true,"href":"https:\/\/www.perfectvanwamel.com\/de\/wp-json\/wp\/v2\/tags?post=13447"}],"curies":[{"name":"wp","href":"https:\/\/api.w.org\/{rel}","templated":true}]}}