{"id":15145,"date":"2024-11-10T10:56:22","date_gmt":"2024-11-10T09:56:22","guid":{"rendered":"https:\/\/www.perfectvanwamel.com\/unkategorisiert\/15145\/"},"modified":"2024-12-09T15:03:56","modified_gmt":"2024-12-09T14:03:56","slug":"gamma-erweiterung","status":"publish","type":"post","link":"https:\/\/www.perfectvanwamel.com\/de\/nachrichten\/gamma-erweiterung\/","title":{"rendered":"PERFECT erweitert sein Produktangebot in Kooperation mit Evers Agro."},"content":{"rendered":"<p><strong>PERFECT erweitert sein Produktsortiment in Zusammenarbeit mit Evers Agro.<\/strong><\/p>\n<p><strong>\u201eObstbauern und Winzer stehen vor neuen Herausforderungen. PERFECT \u2013 Van Wamel und Evers Agro b\u00fcndeln ihre Kr\u00e4fte, um ein umfassendes L\u00f6sungsangebot anzubieten.<\/strong><\/p>\n<p>Wir sind stolz, Sie \u00fcber unsere strategische Zusammenarbeit mit Evers Agro zu informieren. Ziel dieser Zusammenarbeit, die das Know-how und die Innovationskraft beider Unternehmen b\u00fcndelt, ist es, dem internationalen Markt ein noch umfassenderes und st\u00e4rkeres Maschinenprogramm zur Grasstreifenverbesserung im Obst- und Weinbau anzubieten.<\/p>\n<p>Evers Agro, spezialisiert auf Maschinen f\u00fcr die Bodenbearbeitung, Gr\u00fcnlandpflege und D\u00fcngung und weltweit haupts\u00e4chlich im Ackerbau und in der Tierhaltung t\u00e4tig, wird den Verkauf seiner Modelle mit f\u00fcr den Obst- und Weinbau geeigneten Arbeitsbreiten PERFECT \u2013 Van Wamel anvertrauen.<\/p>\n<p><strong>Erweiterung des Lieferprogramms<\/strong><\/p>\n<p>Mit dieser exklusiven Zusammenarbeit vermarktet wir PERFECT \u2013 Van Wamel Evers Agro-Maschinen unter unsere eigenen Markennamen PERFECT \u00fcber unsere globale H\u00e4ndlerorganisation und erweitert so uns Angebot f\u00fcr Kunden im Obst- und Weinbereich weiter. Durch diese Zusammenarbeit bieten wir Ihnen als PERFECT-H\u00e4ndler Maschinen zur Wiederherstellung und\/oder Verbesserung des Grasstreifens Ihrer Kunden an. Wir freuen uns, durch diese Zusammenarbeit schnell auf die Nachfrage des aufkommenden Marktes reagieren zu k\u00f6nnen und unser aktuelles Sortiment um bew\u00e4hrte Maschinen wie Bel\u00fcfter, Untergrundlockerer und \u00dcbers\u00e4maschinen zu erweitern.<\/p>\n<p><strong>Welche Maschinen: <\/strong><\/p>\n<ul>\n<li><a href=\"https:\/\/www.perfectvanwamel.com\/de\/produkt\/wbg-2-grasnarbenlockerer\/\">2-Zahn-Untergrundlockerer<\/a>: F\u00fcr eine bessere Wasserdurchdringung<\/li>\n<li><a href=\"https:\/\/www.perfectvanwamel.com\/de\/produkt\/gb-grasnarbenbeluefter-fuer-obst-und-weinbau\/\">Bel\u00fcfter<\/a>: Verbessert die Wasseraufnahmef\u00e4higkeit des Bodens und sorgt f\u00fcr eine optimale Durchwurzelung des Rasens<\/li>\n<li><a href=\"https:\/\/www.perfectvanwamel.com\/de\/produkt\/grass-profi-nachsaemaschine-fuer-obst-und-weinbau\/\">Rasennachs\u00e4maschine<\/a>: F\u00fcr eine gute Erholung des Rasens<\/li>\n<li><a href=\"https:\/\/www.perfectvanwamel.com\/de\/produkt\/skyros-vario-scheibenegge\/\">Scheibenegge<\/a>: Wird h\u00e4ufig in trockeneren Weinanbaugebieten eingesetzt, um die Streifen richtig auszurichten.<\/li>\n<\/ul>\n<p><strong>Pr\u00e4sentation auf der Fructura-Messe in Belgien<\/strong><\/p>\n<p>Der ersten Maschinen im bekannten PERFECT-Farbe w\u00e4hrend der Fructura-Ausstellung in Hasselt, Belgien, Anfang Dezember. Auf dieser renommierten Messe haben Sie und Ihre Kunden die einmalige Gelegenheit, die neuesten Maschinen zu entdecken, die speziell f\u00fcr die Grasstreifenverbesserung im Obst- und Weinbau entwickelt wurden.<\/p>\n","protected":false},"excerpt":{"rendered":"<p>PERFECT erweitert sein Produktsortiment in Zusammenarbeit mit Evers Agro. \u201eObstbauern und Winzer stehen vor neuen Herausforderungen. PERFECT \u2013 Van Wamel und Evers Agro b\u00fcndeln ihre Kr\u00e4fte, um ein umfassendes L\u00f6sungsangebot anzubieten. Wir sind stolz, Sie \u00fcber unsere strategische Zusammenarbeit mit Evers Agro zu informieren. Ziel dieser Zusammenarbeit, die das Know-how und die Innovationskraft beider Unternehmen&#8230;<\/p>\n","protected":false},"author":298,"featured_media":15141,"comment_status":"closed","ping_status":"open","sticky":false,"template":"","format":"standard","meta":{"_acf_changed":false,"footnotes":""},"categories":[1004],"tags":[],"class_list":["post-15145","post","type-post","status-publish","format-standard","has-post-thumbnail","hentry","category-nachrichten"],"acf":[],"yoast_head":"<!-- This site is optimized with the Yoast SEO plugin v27.5 - https:\/\/yoast.com\/product\/yoast-seo-wordpress\/ -->\n<title>PERFECT erweitert sein Produktangebot in Kooperation mit Evers Agro. - PERFECT - Van Wamel<\/title>\n<meta name=\"robots\" content=\"index, follow, max-snippet:-1, max-image-preview:large, max-video-preview:-1\" \/>\n<link rel=\"canonical\" href=\"https:\/\/www.perfectvanwamel.com\/de\/nachrichten\/gamma-erweiterung\/\" \/>\n<meta property=\"og:locale\" content=\"de_DE\" \/>\n<meta property=\"og:type\" content=\"article\" \/>\n<meta property=\"og:title\" content=\"PERFECT erweitert sein Produktangebot in Kooperation mit Evers Agro. - PERFECT - Van Wamel\" \/>\n<meta property=\"og:description\" content=\"PERFECT erweitert sein Produktsortiment in Zusammenarbeit mit Evers Agro. \u201eObstbauern und Winzer stehen vor neuen Herausforderungen. PERFECT \u2013 Van Wamel und Evers Agro b\u00fcndeln ihre Kr\u00e4fte, um ein umfassendes L\u00f6sungsangebot anzubieten. Wir sind stolz, Sie \u00fcber unsere strategische Zusammenarbeit mit Evers Agro zu informieren. Ziel dieser Zusammenarbeit, die das Know-how und die Innovationskraft beider Unternehmen...\" \/>\n<meta property=\"og:url\" content=\"https:\/\/www.perfectvanwamel.com\/de\/nachrichten\/gamma-erweiterung\/\" \/>\n<meta property=\"og:site_name\" content=\"PERFECT - Van Wamel\" \/>\n<meta property=\"article:published_time\" content=\"2024-11-10T09:56:22+00:00\" \/>\n<meta property=\"article:modified_time\" content=\"2024-12-09T14:03:56+00:00\" \/>\n<meta property=\"og:image\" content=\"https:\/\/staging.perfectvanwamel.com\/wp-content\/uploads\/2024\/11\/GB-150-zonder-mechanische-hefinrichting.-Perfect-Van-Wamel-1_ID_met-logo-e1731316925269.jpg\" \/>\n\t<meta property=\"og:image:width\" content=\"2500\" \/>\n\t<meta property=\"og:image:height\" content=\"1875\" \/>\n\t<meta property=\"og:image:type\" content=\"image\/jpeg\" \/>\n<meta name=\"author\" content=\"mireilledjong\" \/>\n<meta name=\"twitter:card\" content=\"summary_large_image\" \/>\n<meta name=\"twitter:label1\" content=\"Verfasst von\" \/>\n\t<meta name=\"twitter:data1\" content=\"mireilledjong\" \/>\n\t<meta name=\"twitter:label2\" content=\"Gesch\u00e4tzte Lesezeit\" \/>\n\t<meta name=\"twitter:data2\" content=\"2\u00a0Minuten\" \/>\n<script type=\"application\/ld+json\" class=\"yoast-schema-graph\">{\"@context\":\"https:\\\/\\\/schema.org\",\"@graph\":[{\"@type\":\"Article\",\"@id\":\"https:\\\/\\\/www.perfectvanwamel.com\\\/de\\\/nachrichten\\\/gamma-erweiterung\\\/#article\",\"isPartOf\":{\"@id\":\"https:\\\/\\\/www.perfectvanwamel.com\\\/de\\\/nachrichten\\\/gamma-erweiterung\\\/\"},\"author\":{\"name\":\"mireilledjong\",\"@id\":\"https:\\\/\\\/www.perfectvanwamel.com\\\/de\\\/#\\\/schema\\\/person\\\/c57294d62952029fe4f3921c19ab3d91\"},\"headline\":\"PERFECT erweitert sein Produktangebot in Kooperation mit Evers Agro.\",\"datePublished\":\"2024-11-10T09:56:22+00:00\",\"dateModified\":\"2024-12-09T14:03:56+00:00\",\"mainEntityOfPage\":{\"@id\":\"https:\\\/\\\/www.perfectvanwamel.com\\\/de\\\/nachrichten\\\/gamma-erweiterung\\\/\"},\"wordCount\":320,\"image\":{\"@id\":\"https:\\\/\\\/www.perfectvanwamel.com\\\/de\\\/nachrichten\\\/gamma-erweiterung\\\/#primaryimage\"},\"thumbnailUrl\":\"https:\\\/\\\/www.perfectvanwamel.com\\\/wp-content\\\/uploads\\\/2024\\\/11\\\/GB-150-zonder-mechanische-hefinrichting.-Perfect-Van-Wamel-1_ID_met-logo-e1731316925269.jpg\",\"articleSection\":[\"Nachrichten\"],\"inLanguage\":\"de\"},{\"@type\":\"WebPage\",\"@id\":\"https:\\\/\\\/www.perfectvanwamel.com\\\/de\\\/nachrichten\\\/gamma-erweiterung\\\/\",\"url\":\"https:\\\/\\\/www.perfectvanwamel.com\\\/de\\\/nachrichten\\\/gamma-erweiterung\\\/\",\"name\":\"PERFECT erweitert sein Produktangebot in Kooperation mit Evers Agro. - PERFECT - Van Wamel\",\"isPartOf\":{\"@id\":\"https:\\\/\\\/www.perfectvanwamel.com\\\/de\\\/#website\"},\"primaryImageOfPage\":{\"@id\":\"https:\\\/\\\/www.perfectvanwamel.com\\\/de\\\/nachrichten\\\/gamma-erweiterung\\\/#primaryimage\"},\"image\":{\"@id\":\"https:\\\/\\\/www.perfectvanwamel.com\\\/de\\\/nachrichten\\\/gamma-erweiterung\\\/#primaryimage\"},\"thumbnailUrl\":\"https:\\\/\\\/www.perfectvanwamel.com\\\/wp-content\\\/uploads\\\/2024\\\/11\\\/GB-150-zonder-mechanische-hefinrichting.-Perfect-Van-Wamel-1_ID_met-logo-e1731316925269.jpg\",\"datePublished\":\"2024-11-10T09:56:22+00:00\",\"dateModified\":\"2024-12-09T14:03:56+00:00\",\"author\":{\"@id\":\"https:\\\/\\\/www.perfectvanwamel.com\\\/de\\\/#\\\/schema\\\/person\\\/c57294d62952029fe4f3921c19ab3d91\"},\"breadcrumb\":{\"@id\":\"https:\\\/\\\/www.perfectvanwamel.com\\\/de\\\/nachrichten\\\/gamma-erweiterung\\\/#breadcrumb\"},\"inLanguage\":\"de\",\"potentialAction\":[{\"@type\":\"ReadAction\",\"target\":[\"https:\\\/\\\/www.perfectvanwamel.com\\\/de\\\/nachrichten\\\/gamma-erweiterung\\\/\"]}]},{\"@type\":\"ImageObject\",\"inLanguage\":\"de\",\"@id\":\"https:\\\/\\\/www.perfectvanwamel.com\\\/de\\\/nachrichten\\\/gamma-erweiterung\\\/#primaryimage\",\"url\":\"https:\\\/\\\/www.perfectvanwamel.com\\\/wp-content\\\/uploads\\\/2024\\\/11\\\/GB-150-zonder-mechanische-hefinrichting.-Perfect-Van-Wamel-1_ID_met-logo-e1731316925269.jpg\",\"contentUrl\":\"https:\\\/\\\/www.perfectvanwamel.com\\\/wp-content\\\/uploads\\\/2024\\\/11\\\/GB-150-zonder-mechanische-hefinrichting.-Perfect-Van-Wamel-1_ID_met-logo-e1731316925269.jpg\",\"width\":2500,\"height\":1875},{\"@type\":\"BreadcrumbList\",\"@id\":\"https:\\\/\\\/www.perfectvanwamel.com\\\/de\\\/nachrichten\\\/gamma-erweiterung\\\/#breadcrumb\",\"itemListElement\":[{\"@type\":\"ListItem\",\"position\":1,\"name\":\"Home\",\"item\":\"https:\\\/\\\/staging.perfectvanwamel.com\\\/de\\\/\"},{\"@type\":\"ListItem\",\"position\":2,\"name\":\"PERFECT erweitert sein Produktangebot in Kooperation mit Evers Agro.\"}]},{\"@type\":\"WebSite\",\"@id\":\"https:\\\/\\\/www.perfectvanwamel.com\\\/de\\\/#website\",\"url\":\"https:\\\/\\\/www.perfectvanwamel.com\\\/de\\\/\",\"name\":\"PERFECT - Van Wamel\",\"description\":\"\",\"potentialAction\":[{\"@type\":\"SearchAction\",\"target\":{\"@type\":\"EntryPoint\",\"urlTemplate\":\"https:\\\/\\\/www.perfectvanwamel.com\\\/de\\\/?s={search_term_string}\"},\"query-input\":{\"@type\":\"PropertyValueSpecification\",\"valueRequired\":true,\"valueName\":\"search_term_string\"}}],\"inLanguage\":\"de\"},{\"@type\":\"Person\",\"@id\":\"https:\\\/\\\/www.perfectvanwamel.com\\\/de\\\/#\\\/schema\\\/person\\\/c57294d62952029fe4f3921c19ab3d91\",\"name\":\"mireilledjong\",\"image\":{\"@type\":\"ImageObject\",\"inLanguage\":\"de\",\"@id\":\"https:\\\/\\\/www.perfectvanwamel.com\\\/wp-content\\\/litespeed\\\/avatar\\\/a9397e32afdcf53b101fac9c60ab9bba.jpg?ver=1777454767\",\"url\":\"https:\\\/\\\/www.perfectvanwamel.com\\\/wp-content\\\/litespeed\\\/avatar\\\/a9397e32afdcf53b101fac9c60ab9bba.jpg?ver=1777454767\",\"contentUrl\":\"https:\\\/\\\/www.perfectvanwamel.com\\\/wp-content\\\/litespeed\\\/avatar\\\/a9397e32afdcf53b101fac9c60ab9bba.jpg?ver=1777454767\",\"caption\":\"mireilledjong\"}}]}<\/script>\n<!-- \/ Yoast SEO plugin. -->","yoast_head_json":{"title":"PERFECT erweitert sein Produktangebot in Kooperation mit Evers Agro. - PERFECT - Van Wamel","robots":{"index":"index","follow":"follow","max-snippet":"max-snippet:-1","max-image-preview":"max-image-preview:large","max-video-preview":"max-video-preview:-1"},"canonical":"https:\/\/www.perfectvanwamel.com\/de\/nachrichten\/gamma-erweiterung\/","og_locale":"de_DE","og_type":"article","og_title":"PERFECT erweitert sein Produktangebot in Kooperation mit Evers Agro. - PERFECT - Van Wamel","og_description":"PERFECT erweitert sein Produktsortiment in Zusammenarbeit mit Evers Agro. \u201eObstbauern und Winzer stehen vor neuen Herausforderungen. PERFECT \u2013 Van Wamel und Evers Agro b\u00fcndeln ihre Kr\u00e4fte, um ein umfassendes L\u00f6sungsangebot anzubieten. Wir sind stolz, Sie \u00fcber unsere strategische Zusammenarbeit mit Evers Agro zu informieren. Ziel dieser Zusammenarbeit, die das Know-how und die Innovationskraft beider Unternehmen...","og_url":"https:\/\/www.perfectvanwamel.com\/de\/nachrichten\/gamma-erweiterung\/","og_site_name":"PERFECT - Van Wamel","article_published_time":"2024-11-10T09:56:22+00:00","article_modified_time":"2024-12-09T14:03:56+00:00","og_image":[{"width":2500,"height":1875,"url":"https:\/\/staging.perfectvanwamel.com\/wp-content\/uploads\/2024\/11\/GB-150-zonder-mechanische-hefinrichting.-Perfect-Van-Wamel-1_ID_met-logo-e1731316925269.jpg","type":"image\/jpeg"}],"author":"mireilledjong","twitter_card":"summary_large_image","twitter_misc":{"Verfasst von":"mireilledjong","Gesch\u00e4tzte Lesezeit":"2\u00a0Minuten"},"schema":{"@context":"https:\/\/schema.org","@graph":[{"@type":"Article","@id":"https:\/\/www.perfectvanwamel.com\/de\/nachrichten\/gamma-erweiterung\/#article","isPartOf":{"@id":"https:\/\/www.perfectvanwamel.com\/de\/nachrichten\/gamma-erweiterung\/"},"author":{"name":"mireilledjong","@id":"https:\/\/www.perfectvanwamel.com\/de\/#\/schema\/person\/c57294d62952029fe4f3921c19ab3d91"},"headline":"PERFECT erweitert sein Produktangebot in Kooperation mit Evers Agro.","datePublished":"2024-11-10T09:56:22+00:00","dateModified":"2024-12-09T14:03:56+00:00","mainEntityOfPage":{"@id":"https:\/\/www.perfectvanwamel.com\/de\/nachrichten\/gamma-erweiterung\/"},"wordCount":320,"image":{"@id":"https:\/\/www.perfectvanwamel.com\/de\/nachrichten\/gamma-erweiterung\/#primaryimage"},"thumbnailUrl":"https:\/\/www.perfectvanwamel.com\/wp-content\/uploads\/2024\/11\/GB-150-zonder-mechanische-hefinrichting.-Perfect-Van-Wamel-1_ID_met-logo-e1731316925269.jpg","articleSection":["Nachrichten"],"inLanguage":"de"},{"@type":"WebPage","@id":"https:\/\/www.perfectvanwamel.com\/de\/nachrichten\/gamma-erweiterung\/","url":"https:\/\/www.perfectvanwamel.com\/de\/nachrichten\/gamma-erweiterung\/","name":"PERFECT erweitert sein Produktangebot in Kooperation mit Evers Agro. - PERFECT - Van Wamel","isPartOf":{"@id":"https:\/\/www.perfectvanwamel.com\/de\/#website"},"primaryImageOfPage":{"@id":"https:\/\/www.perfectvanwamel.com\/de\/nachrichten\/gamma-erweiterung\/#primaryimage"},"image":{"@id":"https:\/\/www.perfectvanwamel.com\/de\/nachrichten\/gamma-erweiterung\/#primaryimage"},"thumbnailUrl":"https:\/\/www.perfectvanwamel.com\/wp-content\/uploads\/2024\/11\/GB-150-zonder-mechanische-hefinrichting.-Perfect-Van-Wamel-1_ID_met-logo-e1731316925269.jpg","datePublished":"2024-11-10T09:56:22+00:00","dateModified":"2024-12-09T14:03:56+00:00","author":{"@id":"https:\/\/www.perfectvanwamel.com\/de\/#\/schema\/person\/c57294d62952029fe4f3921c19ab3d91"},"breadcrumb":{"@id":"https:\/\/www.perfectvanwamel.com\/de\/nachrichten\/gamma-erweiterung\/#breadcrumb"},"inLanguage":"de","potentialAction":[{"@type":"ReadAction","target":["https:\/\/www.perfectvanwamel.com\/de\/nachrichten\/gamma-erweiterung\/"]}]},{"@type":"ImageObject","inLanguage":"de","@id":"https:\/\/www.perfectvanwamel.com\/de\/nachrichten\/gamma-erweiterung\/#primaryimage","url":"https:\/\/www.perfectvanwamel.com\/wp-content\/uploads\/2024\/11\/GB-150-zonder-mechanische-hefinrichting.-Perfect-Van-Wamel-1_ID_met-logo-e1731316925269.jpg","contentUrl":"https:\/\/www.perfectvanwamel.com\/wp-content\/uploads\/2024\/11\/GB-150-zonder-mechanische-hefinrichting.-Perfect-Van-Wamel-1_ID_met-logo-e1731316925269.jpg","width":2500,"height":1875},{"@type":"BreadcrumbList","@id":"https:\/\/www.perfectvanwamel.com\/de\/nachrichten\/gamma-erweiterung\/#breadcrumb","itemListElement":[{"@type":"ListItem","position":1,"name":"Home","item":"https:\/\/staging.perfectvanwamel.com\/de\/"},{"@type":"ListItem","position":2,"name":"PERFECT erweitert sein Produktangebot in Kooperation mit Evers Agro."}]},{"@type":"WebSite","@id":"https:\/\/www.perfectvanwamel.com\/de\/#website","url":"https:\/\/www.perfectvanwamel.com\/de\/","name":"PERFECT - Van Wamel","description":"","potentialAction":[{"@type":"SearchAction","target":{"@type":"EntryPoint","urlTemplate":"https:\/\/www.perfectvanwamel.com\/de\/?s={search_term_string}"},"query-input":{"@type":"PropertyValueSpecification","valueRequired":true,"valueName":"search_term_string"}}],"inLanguage":"de"},{"@type":"Person","@id":"https:\/\/www.perfectvanwamel.com\/de\/#\/schema\/person\/c57294d62952029fe4f3921c19ab3d91","name":"mireilledjong","image":{"@type":"ImageObject","inLanguage":"de","@id":"https:\/\/www.perfectvanwamel.com\/wp-content\/litespeed\/avatar\/a9397e32afdcf53b101fac9c60ab9bba.jpg?ver=1777454767","url":"https:\/\/www.perfectvanwamel.com\/wp-content\/litespeed\/avatar\/a9397e32afdcf53b101fac9c60ab9bba.jpg?ver=1777454767","contentUrl":"https:\/\/www.perfectvanwamel.com\/wp-content\/litespeed\/avatar\/a9397e32afdcf53b101fac9c60ab9bba.jpg?ver=1777454767","caption":"mireilledjong"}}]}},"_links":{"self":[{"href":"https:\/\/www.perfectvanwamel.com\/de\/wp-json\/wp\/v2\/posts\/15145","targetHints":{"allow":["GET"]}}],"collection":[{"href":"https:\/\/www.perfectvanwamel.com\/de\/wp-json\/wp\/v2\/posts"}],"about":[{"href":"https:\/\/www.perfectvanwamel.com\/de\/wp-json\/wp\/v2\/types\/post"}],"author":[{"embeddable":true,"href":"https:\/\/www.perfectvanwamel.com\/de\/wp-json\/wp\/v2\/users\/298"}],"replies":[{"embeddable":true,"href":"https:\/\/www.perfectvanwamel.com\/de\/wp-json\/wp\/v2\/comments?post=15145"}],"version-history":[{"count":2,"href":"https:\/\/www.perfectvanwamel.com\/de\/wp-json\/wp\/v2\/posts\/15145\/revisions"}],"predecessor-version":[{"id":16514,"href":"https:\/\/www.perfectvanwamel.com\/de\/wp-json\/wp\/v2\/posts\/15145\/revisions\/16514"}],"wp:featuredmedia":[{"embeddable":true,"href":"https:\/\/www.perfectvanwamel.com\/de\/wp-json\/wp\/v2\/media\/15141"}],"wp:attachment":[{"href":"https:\/\/www.perfectvanwamel.com\/de\/wp-json\/wp\/v2\/media?parent=15145"}],"wp:term":[{"taxonomy":"category","embeddable":true,"href":"https:\/\/www.perfectvanwamel.com\/de\/wp-json\/wp\/v2\/categories?post=15145"},{"taxonomy":"post_tag","embeddable":true,"href":"https:\/\/www.perfectvanwamel.com\/de\/wp-json\/wp\/v2\/tags?post=15145"}],"curies":[{"name":"wp","href":"https:\/\/api.w.org\/{rel}","templated":true}]}}