{"id":28842,"date":"2026-03-16T14:36:36","date_gmt":"2026-03-16T13:36:36","guid":{"rendered":"https:\/\/www.perfectvanwamel.com\/unkategorisiert\/perfect-vernieuwt-de-zw-zf2-de-nieuwe-standaard-in-zijklepelmaaiers\/"},"modified":"2026-03-17T14:37:10","modified_gmt":"2026-03-17T13:37:10","slug":"perfect-vernieuwt-de-zw-zf2-de-nieuwe-standaard-in-zijklepelmaaiers","status":"publish","type":"post","link":"https:\/\/www.perfectvanwamel.com\/de\/nachrichten\/perfect-vernieuwt-de-zw-zf2-de-nieuwe-standaard-in-zijklepelmaaiers\/","title":{"rendered":"PERFECT erneuert die ZW &#038; ZF2: Der neue Standard bei Seitenmulchern"},"content":{"rendered":"<section class=\"l-section wpb_row height_small\"><div class=\"l-section-h i-cf\"><div class=\"g-cols vc_row type_default valign_top\"><div class=\"vc_col-sm-12 wpb_column vc_column_container\"><div class=\"vc_column-inner\"><div class=\"wpb_wrapper\"><div class=\"wpb_text_column\" ><div class=\"wpb_wrapper\"><style>\na {<br \/>    text-decoration: none;<br \/>    color: #464feb;<br \/>}<br \/>tr th, tr td {<br \/>    border: 1px solid #e6e6e6;<br \/>}<br \/>tr th {<br \/>    background-color: #f5f5f5;<br \/>}<br \/><\/style>\n<div>\n<p><strong>PERFECT \u2013 Van Wamel<\/strong> pr\u00e4sentiert mit Stolz die n\u00e4chste Generation von M\u00e4hl\u00f6sungen: die neue<strong> ZF PRO\u2011Serie<\/strong> und die <strong>ZW PLUS\u2011Serie<\/strong>. Beide Baureihen bauen auf der bew\u00e4hrten St\u00e4rke der ZF2\u2011 und ZW\u2011Modelle auf, wurden jedoch vollst\u00e4ndig weiterentwickelt f\u00fcr noch h\u00e4rtere Einsatzbedingungen.<\/p>\n<p>Der Kern dieser Maschinen bleibt unver\u00e4ndert zuverl\u00e4ssig: <strong>eine robuste Konstruktion<\/strong>, <strong>ein durchdachter Antrieb<\/strong> und die <strong>charakteristischen PERFECT\u2011Schlegel<\/strong> f\u00fcr ein dauerhaftes und effizientes M\u00e4hergebnis.<\/p>\n<\/div>\n<\/div><\/div><\/div><\/div><\/div><\/div><\/div><\/section><section class=\"l-section wpb_row height_small\"><div class=\"l-section-h i-cf\"><div class=\"g-cols vc_row type_default valign_top\"><div class=\"vc_col-sm-6 wpb_column vc_column_container\"><div class=\"vc_column-inner\"><div class=\"wpb_wrapper\"><div class=\"wpb_text_column\" ><div class=\"wpb_wrapper\"><div>\n<h2><a href=\"https:\/\/www.perfectvanwamel.com\/de\/produkt\/seitenmulcher-zf-pro-serie\/\">ZF PRO Serie \u2013 Der Heavy\u2011Duty Seitenmulcher<\/a><\/h2>\n<p>Der <strong>ZF PRO<\/strong> ist f\u00fcr Anwender entwickelt, die h\u00f6chste Kraft und Zuverl\u00e4ssigkeit unter extremen Bedingungen verlangen.<\/p>\n<h3>Verbesserungen:<\/h3>\n<ul>\n<li><strong>Verst\u00e4rkte Walze mit interner Lagerung<\/strong><br \/>\nSorgt f\u00fcr einen ruhigeren Lauf und eine deutlich l\u00e4ngere Lebensdauer. Optional mit 219 mm Durchmesser erh\u00e4ltlich.<\/li>\n<li><strong>Erh\u00f6hte Verschlei\u00dffestigkeit<\/strong><br \/>\nMit st\u00e4rkeren Gleitkufen und einer speziellen Verschlei\u00dfplatte unter dem Drehpunkt (Getriebe).<\/li>\n<li><strong>Maximale Stabilit\u00e4t<\/strong><br \/>\nDurch einen verst\u00e4rkten Oberlenkerb\u00fcgel, geeignet f\u00fcr CAT II + III \u2013 ideal f\u00fcr den Einsatz mit gr\u00f6\u00dferen Traktoren.<\/li>\n<li><strong>Sicherheit an erster Stelle<\/strong><br \/>\nSerienm\u00e4\u00dfige Schlauchbruchsicherung und optional erh\u00e4ltliche Beleuchtung f\u00fcr sichere Transporte bei Dunkelheit.<\/li>\n<li><strong>Einfaches Abstellen<\/strong><br \/>\nOptionale St\u00fctzf\u00fc\u00dfe erm\u00f6glichen ein leichtes und sicheres An- und Abkuppeln.<\/li>\n<\/ul>\n<\/div>\n<\/div><\/div><\/div><\/div><\/div><div class=\"vc_col-sm-6 wpb_column vc_column_container\"><div class=\"vc_column-inner\"><div class=\"wpb_wrapper\"><div class=\"w-image align_none\"><div class=\"w-image-h\"><img decoding=\"async\" width=\"1024\" height=\"768\" src=\"https:\/\/www.perfectvanwamel.com\/wp-content\/uploads\/2020\/04\/ZF-PRO-vrijstaand-1024x768.jpg\" class=\"attachment-large size-large\" alt=\"\" srcset=\"https:\/\/www.perfectvanwamel.com\/wp-content\/uploads\/2020\/04\/ZF-PRO-vrijstaand-1024x768.jpg 1024w, https:\/\/www.perfectvanwamel.com\/wp-content\/uploads\/2020\/04\/ZF-PRO-vrijstaand-300x225.jpg 300w, https:\/\/www.perfectvanwamel.com\/wp-content\/uploads\/2020\/04\/ZF-PRO-vrijstaand-600x450.jpg 600w, https:\/\/www.perfectvanwamel.com\/wp-content\/uploads\/2020\/04\/ZF-PRO-vrijstaand.jpg 2000w\" sizes=\"(max-width: 1024px) 100vw, 1024px\" \/><\/div><\/div><\/div><\/div><\/div><\/div><\/div><\/section><section class=\"l-section wpb_row height_small\"><div class=\"l-section-h i-cf\"><div class=\"g-cols vc_row type_default valign_top\"><div class=\"vc_col-sm-6 wpb_column vc_column_container\"><div class=\"vc_column-inner\"><div class=\"wpb_wrapper\"><div class=\"wpb_text_column\" ><div class=\"wpb_wrapper\"><div>\n<h2><a href=\"https:\/\/www.perfectvanwamel.com\/de\/produkt\/seitenmulcher-zw-serie\/\">ZW PLUS Serie \u2013 Der multifunktionale Seitenmulcher<\/a><\/h2>\n<p>Der <strong>ZW PLUS<\/strong> bietet au\u00dfergew\u00f6hnliche Vielseitigkeit: Er kann sowohl direkt hinter dem Traktor als auch weit im seitlichen Versatz arbeiten. Der extrem stabile Anbaurahmen und die robusten Auslegearme sorgen f\u00fcr maximale Stabilit\u00e4t \u2013 selbst bei anspruchsvollen Eins\u00e4tzen.<\/p>\n<h3>Verbesserungen<strong>:<\/strong><\/h3>\n<ul>\n<li><strong>Wartungsarme Walze mit interner Lagerung<\/strong><br \/>\nReduziert den Wartungsaufwand und erh\u00f6ht die Lebensdauer.<\/li>\n<li><strong>Neuer Walzenabstreifer<\/strong><br \/>\nVerhindert Schmutzansammlungen und minimiert den Verschlei\u00df.<\/li>\n<li><strong>Schwerere Schlegelwellenlagerung<\/strong><br \/>\nSpeziell f\u00fcr den intensiven professionellen Einsatz entwickelt, mit h\u00f6chster Zuverl\u00e4ssigkeit.<\/li>\n<li><strong>Verst\u00e4rkter Anbaurahmen<\/strong><br \/>\nDer verst\u00e4rkte Oberlenkerb\u00fcgel (CAT II) bietet mehr Stabilit\u00e4t, besonders bei gr\u00f6\u00dferen Traktoren.<\/li>\n<li><strong>Sicherer Transport<\/strong><br \/>\nSerienm\u00e4\u00dfig mit Schlauchbruchsicherung ausgestattet.<\/li>\n<\/ul>\n<\/div>\n<\/div><\/div><\/div><\/div><\/div><div class=\"vc_col-sm-6 wpb_column vc_column_container\"><div class=\"vc_column-inner\"><div class=\"wpb_wrapper\"><div class=\"w-image align_none\"><div class=\"w-image-h\"><img decoding=\"async\" width=\"1024\" height=\"768\" src=\"https:\/\/www.perfectvanwamel.com\/wp-content\/uploads\/2020\/04\/ZW-PLUS-vrijstaand-1024x768.jpg\" class=\"attachment-large size-large\" alt=\"\" srcset=\"https:\/\/www.perfectvanwamel.com\/wp-content\/uploads\/2020\/04\/ZW-PLUS-vrijstaand-1024x768.jpg 1024w, https:\/\/www.perfectvanwamel.com\/wp-content\/uploads\/2020\/04\/ZW-PLUS-vrijstaand-300x225.jpg 300w, https:\/\/www.perfectvanwamel.com\/wp-content\/uploads\/2020\/04\/ZW-PLUS-vrijstaand-600x450.jpg 600w, https:\/\/www.perfectvanwamel.com\/wp-content\/uploads\/2020\/04\/ZW-PLUS-vrijstaand.jpg 2000w\" sizes=\"(max-width: 1024px) 100vw, 1024px\" \/><\/div><\/div><\/div><\/div><\/div><\/div><\/div><\/section><section class=\"l-section wpb_row height_small\"><div class=\"l-section-h i-cf\"><div class=\"g-cols vc_row type_default valign_top\"><div class=\"vc_col-sm-12 wpb_column vc_column_container\"><div class=\"vc_column-inner\"><div class=\"wpb_wrapper\"><div class=\"wpb_text_column\" ><div class=\"wpb_wrapper\"><div>\n<h2>Welches Modell passt am besten zu Ihren Anforderungen?<\/h2>\n<p>Die Wahl zwischen<strong> ZW PLUS<\/strong> und <strong>ZF PRO<\/strong> h\u00e4ngt von Ihrem Traktor, dem Einsatzgebiet und Ihren spezifischen Aufgaben ab.<br \/>\nDie offiziellen PERFECT\u2011H\u00e4ndler unterst\u00fctzen Sie gerne bei der optimalen Konfiguration.<\/p>\n<p>Sie m\u00f6chten technische Details einsehen?<br \/>\nBesuchen Sie die Produktseiten:<br \/>\n<a href=\"https:\/\/www.perfectvanwamel.com\/de\/produkt\/seitenmulcher-zw-serie\/\"><strong>ZW PLUS Serie ansehen<\/strong><\/a> und <a href=\"https:\/\/www.perfectvanwamel.com\/de\/produkt\/seitenmulcher-zf-pro-serie\/\"><strong>ZF PRO Serie ansehen<\/strong><\/a>.<\/p>\n<p><strong>Ben\u00f6tigen Sie pers\u00f6nliche Beratung?<\/strong><br \/>\nUnsere Experten helfen Ihnen gerne weiter. <strong>Kontaktieren Sie Ihren lokalen H\u00e4ndler<\/strong> oder <a href=\"mailto:sales@vanwamel.nl\"><strong>senden Sie eine Nachricht an unsere Verkaufsabteilung<\/strong><\/a>.<\/p>\n<\/div>\n<\/div><\/div><\/div><\/div><\/div><\/div><\/div><\/section>\n","protected":false},"excerpt":{"rendered":"PERFECT \u2013 Van Wamel pr\u00e4sentiert mit Stolz die n\u00e4chste Generation von M\u00e4hl\u00f6sungen: die neue ZF PRO\u2011Serie und die ZW PLUS\u2011Serie. Beide Baureihen bauen auf der bew\u00e4hrten St\u00e4rke der ZF2\u2011 und ZW\u2011Modelle auf, wurden jedoch vollst\u00e4ndig weiterentwickelt f\u00fcr noch h\u00e4rtere Einsatzbedingungen. Der Kern dieser Maschinen bleibt unver\u00e4ndert zuverl\u00e4ssig: eine robuste Konstruktion, ein durchdachter Antrieb und die...","protected":false},"author":491,"featured_media":28613,"comment_status":"closed","ping_status":"open","sticky":false,"template":"","format":"standard","meta":{"_acf_changed":false,"footnotes":""},"categories":[1004],"tags":[],"class_list":["post-28842","post","type-post","status-publish","format-standard","has-post-thumbnail","hentry","category-nachrichten"],"acf":[],"yoast_head":"<!-- This site is optimized with the Yoast SEO plugin v27.5 - https:\/\/yoast.com\/product\/yoast-seo-wordpress\/ -->\n<title>PERFECT erneuert die ZW &amp; ZF2: Der neue Standard bei Seitenmulchern - PERFECT - Van Wamel<\/title>\n<meta name=\"robots\" content=\"index, follow, max-snippet:-1, max-image-preview:large, max-video-preview:-1\" \/>\n<link rel=\"canonical\" href=\"https:\/\/www.perfectvanwamel.com\/de\/nachrichten\/perfect-vernieuwt-de-zw-zf2-de-nieuwe-standaard-in-zijklepelmaaiers\/\" \/>\n<meta property=\"og:locale\" content=\"de_DE\" \/>\n<meta property=\"og:type\" content=\"article\" \/>\n<meta property=\"og:title\" content=\"PERFECT erneuert die ZW &amp; ZF2: Der neue Standard bei Seitenmulchern - PERFECT - Van Wamel\" \/>\n<meta property=\"og:url\" content=\"https:\/\/www.perfectvanwamel.com\/de\/nachrichten\/perfect-vernieuwt-de-zw-zf2-de-nieuwe-standaard-in-zijklepelmaaiers\/\" \/>\n<meta property=\"og:site_name\" content=\"PERFECT - Van Wamel\" \/>\n<meta property=\"article:published_time\" content=\"2026-03-16T13:36:36+00:00\" \/>\n<meta property=\"article:modified_time\" content=\"2026-03-17T13:37:10+00:00\" \/>\n<meta property=\"og:image\" content=\"https:\/\/staging.perfectvanwamel.com\/wp-content\/uploads\/2026\/03\/ZF-240-PRO-in-veld-e1773668422101.jpeg\" \/>\n\t<meta property=\"og:image:width\" content=\"2048\" \/>\n\t<meta property=\"og:image:height\" content=\"1536\" \/>\n\t<meta property=\"og:image:type\" content=\"image\/jpeg\" \/>\n<meta name=\"author\" content=\"Lana Heessels\" \/>\n<meta name=\"twitter:card\" content=\"summary_large_image\" \/>\n<meta name=\"twitter:label1\" content=\"Verfasst von\" \/>\n\t<meta name=\"twitter:data1\" content=\"Lana Heessels\" \/>\n\t<meta name=\"twitter:label2\" content=\"Gesch\u00e4tzte Lesezeit\" \/>\n\t<meta name=\"twitter:data2\" content=\"2\u00a0Minuten\" \/>\n<script type=\"application\/ld+json\" class=\"yoast-schema-graph\">{\"@context\":\"https:\\\/\\\/schema.org\",\"@graph\":[{\"@type\":\"Article\",\"@id\":\"https:\\\/\\\/www.perfectvanwamel.com\\\/de\\\/nachrichten\\\/perfect-vernieuwt-de-zw-zf2-de-nieuwe-standaard-in-zijklepelmaaiers\\\/#article\",\"isPartOf\":{\"@id\":\"https:\\\/\\\/www.perfectvanwamel.com\\\/de\\\/nachrichten\\\/perfect-vernieuwt-de-zw-zf2-de-nieuwe-standaard-in-zijklepelmaaiers\\\/\"},\"author\":{\"name\":\"Lana Heessels\",\"@id\":\"https:\\\/\\\/www.perfectvanwamel.com\\\/de\\\/#\\\/schema\\\/person\\\/a00a738664104d8a5e56e682c2ed0f52\"},\"headline\":\"PERFECT erneuert die ZW &#038; ZF2: Der neue Standard bei Seitenmulchern\",\"datePublished\":\"2026-03-16T13:36:36+00:00\",\"dateModified\":\"2026-03-17T13:37:10+00:00\",\"mainEntityOfPage\":{\"@id\":\"https:\\\/\\\/www.perfectvanwamel.com\\\/de\\\/nachrichten\\\/perfect-vernieuwt-de-zw-zf2-de-nieuwe-standaard-in-zijklepelmaaiers\\\/\"},\"wordCount\":484,\"image\":{\"@id\":\"https:\\\/\\\/www.perfectvanwamel.com\\\/de\\\/nachrichten\\\/perfect-vernieuwt-de-zw-zf2-de-nieuwe-standaard-in-zijklepelmaaiers\\\/#primaryimage\"},\"thumbnailUrl\":\"https:\\\/\\\/www.perfectvanwamel.com\\\/wp-content\\\/uploads\\\/2026\\\/03\\\/ZF-240-PRO-in-veld-e1773668422101.jpeg\",\"articleSection\":[\"Nachrichten\"],\"inLanguage\":\"de\"},{\"@type\":\"WebPage\",\"@id\":\"https:\\\/\\\/www.perfectvanwamel.com\\\/de\\\/nachrichten\\\/perfect-vernieuwt-de-zw-zf2-de-nieuwe-standaard-in-zijklepelmaaiers\\\/\",\"url\":\"https:\\\/\\\/www.perfectvanwamel.com\\\/de\\\/nachrichten\\\/perfect-vernieuwt-de-zw-zf2-de-nieuwe-standaard-in-zijklepelmaaiers\\\/\",\"name\":\"PERFECT erneuert die ZW & ZF2: Der neue Standard bei Seitenmulchern - PERFECT - Van Wamel\",\"isPartOf\":{\"@id\":\"https:\\\/\\\/www.perfectvanwamel.com\\\/de\\\/#website\"},\"primaryImageOfPage\":{\"@id\":\"https:\\\/\\\/www.perfectvanwamel.com\\\/de\\\/nachrichten\\\/perfect-vernieuwt-de-zw-zf2-de-nieuwe-standaard-in-zijklepelmaaiers\\\/#primaryimage\"},\"image\":{\"@id\":\"https:\\\/\\\/www.perfectvanwamel.com\\\/de\\\/nachrichten\\\/perfect-vernieuwt-de-zw-zf2-de-nieuwe-standaard-in-zijklepelmaaiers\\\/#primaryimage\"},\"thumbnailUrl\":\"https:\\\/\\\/www.perfectvanwamel.com\\\/wp-content\\\/uploads\\\/2026\\\/03\\\/ZF-240-PRO-in-veld-e1773668422101.jpeg\",\"datePublished\":\"2026-03-16T13:36:36+00:00\",\"dateModified\":\"2026-03-17T13:37:10+00:00\",\"author\":{\"@id\":\"https:\\\/\\\/www.perfectvanwamel.com\\\/de\\\/#\\\/schema\\\/person\\\/a00a738664104d8a5e56e682c2ed0f52\"},\"breadcrumb\":{\"@id\":\"https:\\\/\\\/www.perfectvanwamel.com\\\/de\\\/nachrichten\\\/perfect-vernieuwt-de-zw-zf2-de-nieuwe-standaard-in-zijklepelmaaiers\\\/#breadcrumb\"},\"inLanguage\":\"de\",\"potentialAction\":[{\"@type\":\"ReadAction\",\"target\":[\"https:\\\/\\\/www.perfectvanwamel.com\\\/de\\\/nachrichten\\\/perfect-vernieuwt-de-zw-zf2-de-nieuwe-standaard-in-zijklepelmaaiers\\\/\"]}]},{\"@type\":\"ImageObject\",\"inLanguage\":\"de\",\"@id\":\"https:\\\/\\\/www.perfectvanwamel.com\\\/de\\\/nachrichten\\\/perfect-vernieuwt-de-zw-zf2-de-nieuwe-standaard-in-zijklepelmaaiers\\\/#primaryimage\",\"url\":\"https:\\\/\\\/www.perfectvanwamel.com\\\/wp-content\\\/uploads\\\/2026\\\/03\\\/ZF-240-PRO-in-veld-e1773668422101.jpeg\",\"contentUrl\":\"https:\\\/\\\/www.perfectvanwamel.com\\\/wp-content\\\/uploads\\\/2026\\\/03\\\/ZF-240-PRO-in-veld-e1773668422101.jpeg\",\"width\":2048,\"height\":1536},{\"@type\":\"BreadcrumbList\",\"@id\":\"https:\\\/\\\/www.perfectvanwamel.com\\\/de\\\/nachrichten\\\/perfect-vernieuwt-de-zw-zf2-de-nieuwe-standaard-in-zijklepelmaaiers\\\/#breadcrumb\",\"itemListElement\":[{\"@type\":\"ListItem\",\"position\":1,\"name\":\"Home\",\"item\":\"https:\\\/\\\/staging.perfectvanwamel.com\\\/de\\\/\"},{\"@type\":\"ListItem\",\"position\":2,\"name\":\"PERFECT erneuert die ZW &#038; ZF2: Der neue Standard bei Seitenmulchern\"}]},{\"@type\":\"WebSite\",\"@id\":\"https:\\\/\\\/www.perfectvanwamel.com\\\/de\\\/#website\",\"url\":\"https:\\\/\\\/www.perfectvanwamel.com\\\/de\\\/\",\"name\":\"PERFECT - Van Wamel\",\"description\":\"\",\"potentialAction\":[{\"@type\":\"SearchAction\",\"target\":{\"@type\":\"EntryPoint\",\"urlTemplate\":\"https:\\\/\\\/www.perfectvanwamel.com\\\/de\\\/?s={search_term_string}\"},\"query-input\":{\"@type\":\"PropertyValueSpecification\",\"valueRequired\":true,\"valueName\":\"search_term_string\"}}],\"inLanguage\":\"de\"},{\"@type\":\"Person\",\"@id\":\"https:\\\/\\\/www.perfectvanwamel.com\\\/de\\\/#\\\/schema\\\/person\\\/a00a738664104d8a5e56e682c2ed0f52\",\"name\":\"Lana Heessels\",\"image\":{\"@type\":\"ImageObject\",\"inLanguage\":\"de\",\"@id\":\"https:\\\/\\\/www.perfectvanwamel.com\\\/wp-content\\\/litespeed\\\/avatar\\\/380dfd38e84a127eda2a66ce7df1252f.jpg?ver=1777455006\",\"url\":\"https:\\\/\\\/www.perfectvanwamel.com\\\/wp-content\\\/litespeed\\\/avatar\\\/380dfd38e84a127eda2a66ce7df1252f.jpg?ver=1777455006\",\"contentUrl\":\"https:\\\/\\\/www.perfectvanwamel.com\\\/wp-content\\\/litespeed\\\/avatar\\\/380dfd38e84a127eda2a66ce7df1252f.jpg?ver=1777455006\",\"caption\":\"Lana Heessels\"},\"sameAs\":[\"https:\\\/\\\/www.perfectvanwamel.com\"]}]}<\/script>\n<!-- \/ Yoast SEO plugin. -->","yoast_head_json":{"title":"PERFECT erneuert die ZW & ZF2: Der neue Standard bei Seitenmulchern - PERFECT - Van Wamel","robots":{"index":"index","follow":"follow","max-snippet":"max-snippet:-1","max-image-preview":"max-image-preview:large","max-video-preview":"max-video-preview:-1"},"canonical":"https:\/\/www.perfectvanwamel.com\/de\/nachrichten\/perfect-vernieuwt-de-zw-zf2-de-nieuwe-standaard-in-zijklepelmaaiers\/","og_locale":"de_DE","og_type":"article","og_title":"PERFECT erneuert die ZW & ZF2: Der neue Standard bei Seitenmulchern - PERFECT - Van Wamel","og_url":"https:\/\/www.perfectvanwamel.com\/de\/nachrichten\/perfect-vernieuwt-de-zw-zf2-de-nieuwe-standaard-in-zijklepelmaaiers\/","og_site_name":"PERFECT - Van Wamel","article_published_time":"2026-03-16T13:36:36+00:00","article_modified_time":"2026-03-17T13:37:10+00:00","og_image":[{"width":2048,"height":1536,"url":"https:\/\/staging.perfectvanwamel.com\/wp-content\/uploads\/2026\/03\/ZF-240-PRO-in-veld-e1773668422101.jpeg","type":"image\/jpeg"}],"author":"Lana Heessels","twitter_card":"summary_large_image","twitter_misc":{"Verfasst von":"Lana Heessels","Gesch\u00e4tzte Lesezeit":"2\u00a0Minuten"},"schema":{"@context":"https:\/\/schema.org","@graph":[{"@type":"Article","@id":"https:\/\/www.perfectvanwamel.com\/de\/nachrichten\/perfect-vernieuwt-de-zw-zf2-de-nieuwe-standaard-in-zijklepelmaaiers\/#article","isPartOf":{"@id":"https:\/\/www.perfectvanwamel.com\/de\/nachrichten\/perfect-vernieuwt-de-zw-zf2-de-nieuwe-standaard-in-zijklepelmaaiers\/"},"author":{"name":"Lana Heessels","@id":"https:\/\/www.perfectvanwamel.com\/de\/#\/schema\/person\/a00a738664104d8a5e56e682c2ed0f52"},"headline":"PERFECT erneuert die ZW &#038; ZF2: Der neue Standard bei Seitenmulchern","datePublished":"2026-03-16T13:36:36+00:00","dateModified":"2026-03-17T13:37:10+00:00","mainEntityOfPage":{"@id":"https:\/\/www.perfectvanwamel.com\/de\/nachrichten\/perfect-vernieuwt-de-zw-zf2-de-nieuwe-standaard-in-zijklepelmaaiers\/"},"wordCount":484,"image":{"@id":"https:\/\/www.perfectvanwamel.com\/de\/nachrichten\/perfect-vernieuwt-de-zw-zf2-de-nieuwe-standaard-in-zijklepelmaaiers\/#primaryimage"},"thumbnailUrl":"https:\/\/www.perfectvanwamel.com\/wp-content\/uploads\/2026\/03\/ZF-240-PRO-in-veld-e1773668422101.jpeg","articleSection":["Nachrichten"],"inLanguage":"de"},{"@type":"WebPage","@id":"https:\/\/www.perfectvanwamel.com\/de\/nachrichten\/perfect-vernieuwt-de-zw-zf2-de-nieuwe-standaard-in-zijklepelmaaiers\/","url":"https:\/\/www.perfectvanwamel.com\/de\/nachrichten\/perfect-vernieuwt-de-zw-zf2-de-nieuwe-standaard-in-zijklepelmaaiers\/","name":"PERFECT erneuert die ZW & ZF2: Der neue Standard bei Seitenmulchern - PERFECT - Van Wamel","isPartOf":{"@id":"https:\/\/www.perfectvanwamel.com\/de\/#website"},"primaryImageOfPage":{"@id":"https:\/\/www.perfectvanwamel.com\/de\/nachrichten\/perfect-vernieuwt-de-zw-zf2-de-nieuwe-standaard-in-zijklepelmaaiers\/#primaryimage"},"image":{"@id":"https:\/\/www.perfectvanwamel.com\/de\/nachrichten\/perfect-vernieuwt-de-zw-zf2-de-nieuwe-standaard-in-zijklepelmaaiers\/#primaryimage"},"thumbnailUrl":"https:\/\/www.perfectvanwamel.com\/wp-content\/uploads\/2026\/03\/ZF-240-PRO-in-veld-e1773668422101.jpeg","datePublished":"2026-03-16T13:36:36+00:00","dateModified":"2026-03-17T13:37:10+00:00","author":{"@id":"https:\/\/www.perfectvanwamel.com\/de\/#\/schema\/person\/a00a738664104d8a5e56e682c2ed0f52"},"breadcrumb":{"@id":"https:\/\/www.perfectvanwamel.com\/de\/nachrichten\/perfect-vernieuwt-de-zw-zf2-de-nieuwe-standaard-in-zijklepelmaaiers\/#breadcrumb"},"inLanguage":"de","potentialAction":[{"@type":"ReadAction","target":["https:\/\/www.perfectvanwamel.com\/de\/nachrichten\/perfect-vernieuwt-de-zw-zf2-de-nieuwe-standaard-in-zijklepelmaaiers\/"]}]},{"@type":"ImageObject","inLanguage":"de","@id":"https:\/\/www.perfectvanwamel.com\/de\/nachrichten\/perfect-vernieuwt-de-zw-zf2-de-nieuwe-standaard-in-zijklepelmaaiers\/#primaryimage","url":"https:\/\/www.perfectvanwamel.com\/wp-content\/uploads\/2026\/03\/ZF-240-PRO-in-veld-e1773668422101.jpeg","contentUrl":"https:\/\/www.perfectvanwamel.com\/wp-content\/uploads\/2026\/03\/ZF-240-PRO-in-veld-e1773668422101.jpeg","width":2048,"height":1536},{"@type":"BreadcrumbList","@id":"https:\/\/www.perfectvanwamel.com\/de\/nachrichten\/perfect-vernieuwt-de-zw-zf2-de-nieuwe-standaard-in-zijklepelmaaiers\/#breadcrumb","itemListElement":[{"@type":"ListItem","position":1,"name":"Home","item":"https:\/\/staging.perfectvanwamel.com\/de\/"},{"@type":"ListItem","position":2,"name":"PERFECT erneuert die ZW &#038; ZF2: Der neue Standard bei Seitenmulchern"}]},{"@type":"WebSite","@id":"https:\/\/www.perfectvanwamel.com\/de\/#website","url":"https:\/\/www.perfectvanwamel.com\/de\/","name":"PERFECT - Van Wamel","description":"","potentialAction":[{"@type":"SearchAction","target":{"@type":"EntryPoint","urlTemplate":"https:\/\/www.perfectvanwamel.com\/de\/?s={search_term_string}"},"query-input":{"@type":"PropertyValueSpecification","valueRequired":true,"valueName":"search_term_string"}}],"inLanguage":"de"},{"@type":"Person","@id":"https:\/\/www.perfectvanwamel.com\/de\/#\/schema\/person\/a00a738664104d8a5e56e682c2ed0f52","name":"Lana Heessels","image":{"@type":"ImageObject","inLanguage":"de","@id":"https:\/\/www.perfectvanwamel.com\/wp-content\/litespeed\/avatar\/380dfd38e84a127eda2a66ce7df1252f.jpg?ver=1777455006","url":"https:\/\/www.perfectvanwamel.com\/wp-content\/litespeed\/avatar\/380dfd38e84a127eda2a66ce7df1252f.jpg?ver=1777455006","contentUrl":"https:\/\/www.perfectvanwamel.com\/wp-content\/litespeed\/avatar\/380dfd38e84a127eda2a66ce7df1252f.jpg?ver=1777455006","caption":"Lana Heessels"},"sameAs":["https:\/\/www.perfectvanwamel.com"]}]}},"_links":{"self":[{"href":"https:\/\/www.perfectvanwamel.com\/de\/wp-json\/wp\/v2\/posts\/28842","targetHints":{"allow":["GET"]}}],"collection":[{"href":"https:\/\/www.perfectvanwamel.com\/de\/wp-json\/wp\/v2\/posts"}],"about":[{"href":"https:\/\/www.perfectvanwamel.com\/de\/wp-json\/wp\/v2\/types\/post"}],"author":[{"embeddable":true,"href":"https:\/\/www.perfectvanwamel.com\/de\/wp-json\/wp\/v2\/users\/491"}],"replies":[{"embeddable":true,"href":"https:\/\/www.perfectvanwamel.com\/de\/wp-json\/wp\/v2\/comments?post=28842"}],"version-history":[{"count":4,"href":"https:\/\/www.perfectvanwamel.com\/de\/wp-json\/wp\/v2\/posts\/28842\/revisions"}],"predecessor-version":[{"id":28853,"href":"https:\/\/www.perfectvanwamel.com\/de\/wp-json\/wp\/v2\/posts\/28842\/revisions\/28853"}],"wp:featuredmedia":[{"embeddable":true,"href":"https:\/\/www.perfectvanwamel.com\/de\/wp-json\/wp\/v2\/media\/28613"}],"wp:attachment":[{"href":"https:\/\/www.perfectvanwamel.com\/de\/wp-json\/wp\/v2\/media?parent=28842"}],"wp:term":[{"taxonomy":"category","embeddable":true,"href":"https:\/\/www.perfectvanwamel.com\/de\/wp-json\/wp\/v2\/categories?post=28842"},{"taxonomy":"post_tag","embeddable":true,"href":"https:\/\/www.perfectvanwamel.com\/de\/wp-json\/wp\/v2\/tags?post=28842"}],"curies":[{"name":"wp","href":"https:\/\/api.w.org\/{rel}","templated":true}]}}