{"id":15144,"date":"2024-11-10T10:55:09","date_gmt":"2024-11-10T09:55:09","guid":{"rendered":"https:\/\/www.perfectvanwamel.com\/non-classifiee\/15144\/"},"modified":"2024-12-09T15:06:58","modified_gmt":"2024-12-09T14:06:58","slug":"gamma-expansion","status":"publish","type":"post","link":"https:\/\/www.perfectvanwamel.com\/fr\/nieuws-fr\/gamma-expansion\/","title":{"rendered":"PERFECT \u00e9largit sa gamme de produits en collaboration avec Evers Agro"},"content":{"rendered":"<p><strong>\u00ab Les producteurs de fruits et les vignobles sont confront\u00e9s \u00e0 de nouveaux d\u00e9fis. <\/strong><\/p>\n<p><strong>PERFECT &#8211; Van Wamel et Evers Agro unissent leurs forces pour proposer une gamme compl\u00e8te de solutions \u00bb.<\/strong><\/p>\n<p>&nbsp;<\/p>\n<p>Nous sommes heureux de vous annoncer notre partenariat avec Evers Agro.<\/p>\n<p>La collaboration de \u00a0nos deux soci\u00e9t\u00e9s\u00a0 renforce nos exp\u00e9riences et permettra de nouvelles innovations, dans le but d&#8217;offrir au march\u00e9 international une gamme de machines encore plus compl\u00e8te \u00a0pour l&#8217;am\u00e9lioration des prairies, l&#8217;arboriculture, et la viticulture.<\/p>\n<p>Evers Agro, sp\u00e9cialis\u00e9e dans les machines de pr\u00e9paration du sol et r\u00e9g\u00e9n\u00e9ration de prairies est active dans le monde entier principalement dans la grande culture et l&#8217;\u00e9levage.<\/p>\n<p>Ils nous confient en exclusivit\u00e9 la vente de leurs mod\u00e8les avec des largeurs de travail adapt\u00e9es aux cultures sp\u00e9cialis\u00e9es<\/p>\n<p><u>Extension de la gamme de produits<\/u><\/p>\n<p>Gr\u00e2ce \u00e0 cette distribution exclusive, nous commercialiserons les machines d&#8217;Evers Agro sous la marque PERFECT par l&#8217;interm\u00e9diaire de notre r\u00e9seau mondial de concessionnaires permettre d\u2019offrir une plus large \u00a0gamme de produits du secteur arboricole et viticole.<\/p>\n<p>Ce partenariat vous permet de pouvoir r\u00e9pondre rapidement \u00e0 de nouvelles demandes en tant que concessionnaire PERFECT, avec des machines pour restaurer et am\u00e9liorer la bande enherb\u00e9e.<\/p>\n<p>C\u2019est une gamme compl\u00e8te de machines \u00a0d\u00e9j\u00e0 \u00e9prouv\u00e9es\u00a0:<\/p>\n<p>&#8211; <a href=\"https:\/\/www.perfectvanwamel.com\/fr\/produit\/wbg-2-sous-soleuse-pour-prairies\/\">Sous-soleuse \u00e0 2 dents<\/a> : Pour une meilleure p\u00e9n\u00e9tration de l&#8217;eau<br \/>\n&#8211; <a href=\"https:\/\/www.perfectvanwamel.com\/fr\/produit\/gb-aerateur-de-surface-pour-larboriculture-et-la-viticulture\/\">A\u00e9rateur<\/a> : Pour un meilleur enracinement des cultures<br \/>\n&#8211; <a href=\"https:\/\/www.perfectvanwamel.com\/fr\/produit\/grass-profi-regarnisseur-pour-larboriculture-et-viticulture\/\">Regarnisseur<\/a> : Pour l\u2019enherbement<br \/>\n&#8211; <a href=\"https:\/\/www.perfectvanwamel.com\/fr\/produit\/herse-a-disques-skyros-vario\/\">Herse \u00e0 disques<\/a> : \u00a0utilis\u00e9e dans les zones viticoles plus s\u00e8ches pour niveler correctement les bandes<\/p>\n<p><u>Pr\u00e9sentation au salon Fructura en Belgique<\/u><\/p>\n<p>Les machines seront pr\u00e9sent\u00e9es pour la premi\u00e8re fois dans notre livr\u00e9e PERFECT reconnaissable lors de l&#8217;exposition Fructura \u00e0 Hasselt, en Belgique, au d\u00e9but du mois de d\u00e9cembre. Lors de cette exposition renomm\u00e9e, nous offrons \u00e0 notre client\u00e8le une premi\u00e8re occasion unique de d\u00e9couvrir les derni\u00e8res machines d\u00e9velopp\u00e9es sp\u00e9cifiquement pour am\u00e9liorer l\u2019enherbement \u00a0dans les cultures sp\u00e9cialis\u00e9es.<\/p>\n","protected":false},"excerpt":{"rendered":"<p>\u00ab Les producteurs de fruits et les vignobles sont confront\u00e9s \u00e0 de nouveaux d\u00e9fis. PERFECT &#8211; Van Wamel et Evers Agro unissent leurs forces pour proposer une gamme compl\u00e8te de solutions \u00bb. &nbsp; Nous sommes heureux de vous annoncer notre partenariat avec Evers Agro. La collaboration de \u00a0nos deux soci\u00e9t\u00e9s\u00a0 renforce nos exp\u00e9riences et permettra&#8230;<\/p>\n","protected":false},"author":298,"featured_media":15140,"comment_status":"closed","ping_status":"open","sticky":false,"template":"","format":"standard","meta":{"_acf_changed":false,"footnotes":""},"categories":[2314],"tags":[],"class_list":["post-15144","post","type-post","status-publish","format-standard","has-post-thumbnail","hentry","category-nieuws-fr"],"acf":[],"yoast_head":"<!-- This site is optimized with the Yoast SEO plugin v27.5 - https:\/\/yoast.com\/product\/yoast-seo-wordpress\/ -->\n<title>PERFECT \u00e9largit sa gamme de produits en collaboration avec Evers Agro - PERFECT - Van Wamel<\/title>\n<meta name=\"robots\" content=\"index, follow, max-snippet:-1, max-image-preview:large, max-video-preview:-1\" \/>\n<link rel=\"canonical\" href=\"https:\/\/www.perfectvanwamel.com\/fr\/nieuws-fr\/gamma-expansion\/\" \/>\n<meta property=\"og:locale\" content=\"fr_FR\" \/>\n<meta property=\"og:type\" content=\"article\" \/>\n<meta property=\"og:title\" content=\"PERFECT \u00e9largit sa gamme de produits en collaboration avec Evers Agro - PERFECT - Van Wamel\" \/>\n<meta property=\"og:description\" content=\"\u00ab Les producteurs de fruits et les vignobles sont confront\u00e9s \u00e0 de nouveaux d\u00e9fis. PERFECT &#8211; Van Wamel et Evers Agro unissent leurs forces pour proposer une gamme compl\u00e8te de solutions \u00bb. &nbsp; Nous sommes heureux de vous annoncer notre partenariat avec Evers Agro. La collaboration de \u00a0nos deux soci\u00e9t\u00e9s\u00a0 renforce nos exp\u00e9riences et permettra...\" \/>\n<meta property=\"og:url\" content=\"https:\/\/www.perfectvanwamel.com\/fr\/nieuws-fr\/gamma-expansion\/\" \/>\n<meta property=\"og:site_name\" content=\"PERFECT - Van Wamel\" \/>\n<meta property=\"article:published_time\" content=\"2024-11-10T09:55:09+00:00\" \/>\n<meta property=\"article:modified_time\" content=\"2024-12-09T14:06:58+00:00\" \/>\n<meta property=\"og:image\" content=\"https:\/\/staging.perfectvanwamel.com\/wp-content\/uploads\/2024\/11\/GB-150-zonder-mechanische-hefinrichting.-Perfect-Van-Wamel-1_ID_met-logo-e1731316925269.jpg\" \/>\n\t<meta property=\"og:image:width\" content=\"2500\" \/>\n\t<meta property=\"og:image:height\" content=\"1875\" \/>\n\t<meta property=\"og:image:type\" content=\"image\/jpeg\" \/>\n<meta name=\"author\" content=\"mireilledjong\" \/>\n<meta name=\"twitter:card\" content=\"summary_large_image\" \/>\n<meta name=\"twitter:label1\" content=\"\u00c9crit par\" \/>\n\t<meta name=\"twitter:data1\" content=\"mireilledjong\" \/>\n\t<meta name=\"twitter:label2\" content=\"Dur\u00e9e de lecture estim\u00e9e\" \/>\n\t<meta name=\"twitter:data2\" content=\"2 minutes\" \/>\n<script type=\"application\/ld+json\" class=\"yoast-schema-graph\">{\"@context\":\"https:\\\/\\\/schema.org\",\"@graph\":[{\"@type\":\"Article\",\"@id\":\"https:\\\/\\\/www.perfectvanwamel.com\\\/fr\\\/nieuws-fr\\\/gamma-expansion\\\/#article\",\"isPartOf\":{\"@id\":\"https:\\\/\\\/www.perfectvanwamel.com\\\/fr\\\/nieuws-fr\\\/gamma-expansion\\\/\"},\"author\":{\"name\":\"mireilledjong\",\"@id\":\"https:\\\/\\\/www.perfectvanwamel.com\\\/fr\\\/#\\\/schema\\\/person\\\/c57294d62952029fe4f3921c19ab3d91\"},\"headline\":\"PERFECT \u00e9largit sa gamme de produits en collaboration avec Evers Agro\",\"datePublished\":\"2024-11-10T09:55:09+00:00\",\"dateModified\":\"2024-12-09T14:06:58+00:00\",\"mainEntityOfPage\":{\"@id\":\"https:\\\/\\\/www.perfectvanwamel.com\\\/fr\\\/nieuws-fr\\\/gamma-expansion\\\/\"},\"wordCount\":366,\"image\":{\"@id\":\"https:\\\/\\\/www.perfectvanwamel.com\\\/fr\\\/nieuws-fr\\\/gamma-expansion\\\/#primaryimage\"},\"thumbnailUrl\":\"https:\\\/\\\/www.perfectvanwamel.com\\\/wp-content\\\/uploads\\\/2024\\\/11\\\/GB-150-zonder-mechanische-hefinrichting.-Perfect-Van-Wamel-1_ID_met-logo-e1731316925269.jpg\",\"articleSection\":[\"Nieuws\"],\"inLanguage\":\"fr-FR\"},{\"@type\":\"WebPage\",\"@id\":\"https:\\\/\\\/www.perfectvanwamel.com\\\/fr\\\/nieuws-fr\\\/gamma-expansion\\\/\",\"url\":\"https:\\\/\\\/www.perfectvanwamel.com\\\/fr\\\/nieuws-fr\\\/gamma-expansion\\\/\",\"name\":\"PERFECT \u00e9largit sa gamme de produits en collaboration avec Evers Agro - PERFECT - Van Wamel\",\"isPartOf\":{\"@id\":\"https:\\\/\\\/www.perfectvanwamel.com\\\/fr\\\/#website\"},\"primaryImageOfPage\":{\"@id\":\"https:\\\/\\\/www.perfectvanwamel.com\\\/fr\\\/nieuws-fr\\\/gamma-expansion\\\/#primaryimage\"},\"image\":{\"@id\":\"https:\\\/\\\/www.perfectvanwamel.com\\\/fr\\\/nieuws-fr\\\/gamma-expansion\\\/#primaryimage\"},\"thumbnailUrl\":\"https:\\\/\\\/www.perfectvanwamel.com\\\/wp-content\\\/uploads\\\/2024\\\/11\\\/GB-150-zonder-mechanische-hefinrichting.-Perfect-Van-Wamel-1_ID_met-logo-e1731316925269.jpg\",\"datePublished\":\"2024-11-10T09:55:09+00:00\",\"dateModified\":\"2024-12-09T14:06:58+00:00\",\"author\":{\"@id\":\"https:\\\/\\\/www.perfectvanwamel.com\\\/fr\\\/#\\\/schema\\\/person\\\/c57294d62952029fe4f3921c19ab3d91\"},\"breadcrumb\":{\"@id\":\"https:\\\/\\\/www.perfectvanwamel.com\\\/fr\\\/nieuws-fr\\\/gamma-expansion\\\/#breadcrumb\"},\"inLanguage\":\"fr-FR\",\"potentialAction\":[{\"@type\":\"ReadAction\",\"target\":[\"https:\\\/\\\/www.perfectvanwamel.com\\\/fr\\\/nieuws-fr\\\/gamma-expansion\\\/\"]}]},{\"@type\":\"ImageObject\",\"inLanguage\":\"fr-FR\",\"@id\":\"https:\\\/\\\/www.perfectvanwamel.com\\\/fr\\\/nieuws-fr\\\/gamma-expansion\\\/#primaryimage\",\"url\":\"https:\\\/\\\/www.perfectvanwamel.com\\\/wp-content\\\/uploads\\\/2024\\\/11\\\/GB-150-zonder-mechanische-hefinrichting.-Perfect-Van-Wamel-1_ID_met-logo-e1731316925269.jpg\",\"contentUrl\":\"https:\\\/\\\/www.perfectvanwamel.com\\\/wp-content\\\/uploads\\\/2024\\\/11\\\/GB-150-zonder-mechanische-hefinrichting.-Perfect-Van-Wamel-1_ID_met-logo-e1731316925269.jpg\",\"width\":2500,\"height\":1875},{\"@type\":\"BreadcrumbList\",\"@id\":\"https:\\\/\\\/www.perfectvanwamel.com\\\/fr\\\/nieuws-fr\\\/gamma-expansion\\\/#breadcrumb\",\"itemListElement\":[{\"@type\":\"ListItem\",\"position\":1,\"name\":\"Home\",\"item\":\"https:\\\/\\\/staging.perfectvanwamel.com\\\/fr\\\/\"},{\"@type\":\"ListItem\",\"position\":2,\"name\":\"PERFECT \u00e9largit sa gamme de produits en collaboration avec Evers Agro\"}]},{\"@type\":\"WebSite\",\"@id\":\"https:\\\/\\\/www.perfectvanwamel.com\\\/fr\\\/#website\",\"url\":\"https:\\\/\\\/www.perfectvanwamel.com\\\/fr\\\/\",\"name\":\"PERFECT - Van Wamel\",\"description\":\"\",\"potentialAction\":[{\"@type\":\"SearchAction\",\"target\":{\"@type\":\"EntryPoint\",\"urlTemplate\":\"https:\\\/\\\/www.perfectvanwamel.com\\\/fr\\\/?s={search_term_string}\"},\"query-input\":{\"@type\":\"PropertyValueSpecification\",\"valueRequired\":true,\"valueName\":\"search_term_string\"}}],\"inLanguage\":\"fr-FR\"},{\"@type\":\"Person\",\"@id\":\"https:\\\/\\\/www.perfectvanwamel.com\\\/fr\\\/#\\\/schema\\\/person\\\/c57294d62952029fe4f3921c19ab3d91\",\"name\":\"mireilledjong\",\"image\":{\"@type\":\"ImageObject\",\"inLanguage\":\"fr-FR\",\"@id\":\"https:\\\/\\\/www.perfectvanwamel.com\\\/wp-content\\\/litespeed\\\/avatar\\\/a9397e32afdcf53b101fac9c60ab9bba.jpg?ver=1777454767\",\"url\":\"https:\\\/\\\/www.perfectvanwamel.com\\\/wp-content\\\/litespeed\\\/avatar\\\/a9397e32afdcf53b101fac9c60ab9bba.jpg?ver=1777454767\",\"contentUrl\":\"https:\\\/\\\/www.perfectvanwamel.com\\\/wp-content\\\/litespeed\\\/avatar\\\/a9397e32afdcf53b101fac9c60ab9bba.jpg?ver=1777454767\",\"caption\":\"mireilledjong\"}}]}<\/script>\n<!-- \/ Yoast SEO plugin. -->","yoast_head_json":{"title":"PERFECT \u00e9largit sa gamme de produits en collaboration avec Evers Agro - PERFECT - Van Wamel","robots":{"index":"index","follow":"follow","max-snippet":"max-snippet:-1","max-image-preview":"max-image-preview:large","max-video-preview":"max-video-preview:-1"},"canonical":"https:\/\/www.perfectvanwamel.com\/fr\/nieuws-fr\/gamma-expansion\/","og_locale":"fr_FR","og_type":"article","og_title":"PERFECT \u00e9largit sa gamme de produits en collaboration avec Evers Agro - PERFECT - Van Wamel","og_description":"\u00ab Les producteurs de fruits et les vignobles sont confront\u00e9s \u00e0 de nouveaux d\u00e9fis. PERFECT &#8211; Van Wamel et Evers Agro unissent leurs forces pour proposer une gamme compl\u00e8te de solutions \u00bb. &nbsp; Nous sommes heureux de vous annoncer notre partenariat avec Evers Agro. La collaboration de \u00a0nos deux soci\u00e9t\u00e9s\u00a0 renforce nos exp\u00e9riences et permettra...","og_url":"https:\/\/www.perfectvanwamel.com\/fr\/nieuws-fr\/gamma-expansion\/","og_site_name":"PERFECT - Van Wamel","article_published_time":"2024-11-10T09:55:09+00:00","article_modified_time":"2024-12-09T14:06:58+00:00","og_image":[{"width":2500,"height":1875,"url":"https:\/\/staging.perfectvanwamel.com\/wp-content\/uploads\/2024\/11\/GB-150-zonder-mechanische-hefinrichting.-Perfect-Van-Wamel-1_ID_met-logo-e1731316925269.jpg","type":"image\/jpeg"}],"author":"mireilledjong","twitter_card":"summary_large_image","twitter_misc":{"\u00c9crit par":"mireilledjong","Dur\u00e9e de lecture estim\u00e9e":"2 minutes"},"schema":{"@context":"https:\/\/schema.org","@graph":[{"@type":"Article","@id":"https:\/\/www.perfectvanwamel.com\/fr\/nieuws-fr\/gamma-expansion\/#article","isPartOf":{"@id":"https:\/\/www.perfectvanwamel.com\/fr\/nieuws-fr\/gamma-expansion\/"},"author":{"name":"mireilledjong","@id":"https:\/\/www.perfectvanwamel.com\/fr\/#\/schema\/person\/c57294d62952029fe4f3921c19ab3d91"},"headline":"PERFECT \u00e9largit sa gamme de produits en collaboration avec Evers Agro","datePublished":"2024-11-10T09:55:09+00:00","dateModified":"2024-12-09T14:06:58+00:00","mainEntityOfPage":{"@id":"https:\/\/www.perfectvanwamel.com\/fr\/nieuws-fr\/gamma-expansion\/"},"wordCount":366,"image":{"@id":"https:\/\/www.perfectvanwamel.com\/fr\/nieuws-fr\/gamma-expansion\/#primaryimage"},"thumbnailUrl":"https:\/\/www.perfectvanwamel.com\/wp-content\/uploads\/2024\/11\/GB-150-zonder-mechanische-hefinrichting.-Perfect-Van-Wamel-1_ID_met-logo-e1731316925269.jpg","articleSection":["Nieuws"],"inLanguage":"fr-FR"},{"@type":"WebPage","@id":"https:\/\/www.perfectvanwamel.com\/fr\/nieuws-fr\/gamma-expansion\/","url":"https:\/\/www.perfectvanwamel.com\/fr\/nieuws-fr\/gamma-expansion\/","name":"PERFECT \u00e9largit sa gamme de produits en collaboration avec Evers Agro - PERFECT - Van Wamel","isPartOf":{"@id":"https:\/\/www.perfectvanwamel.com\/fr\/#website"},"primaryImageOfPage":{"@id":"https:\/\/www.perfectvanwamel.com\/fr\/nieuws-fr\/gamma-expansion\/#primaryimage"},"image":{"@id":"https:\/\/www.perfectvanwamel.com\/fr\/nieuws-fr\/gamma-expansion\/#primaryimage"},"thumbnailUrl":"https:\/\/www.perfectvanwamel.com\/wp-content\/uploads\/2024\/11\/GB-150-zonder-mechanische-hefinrichting.-Perfect-Van-Wamel-1_ID_met-logo-e1731316925269.jpg","datePublished":"2024-11-10T09:55:09+00:00","dateModified":"2024-12-09T14:06:58+00:00","author":{"@id":"https:\/\/www.perfectvanwamel.com\/fr\/#\/schema\/person\/c57294d62952029fe4f3921c19ab3d91"},"breadcrumb":{"@id":"https:\/\/www.perfectvanwamel.com\/fr\/nieuws-fr\/gamma-expansion\/#breadcrumb"},"inLanguage":"fr-FR","potentialAction":[{"@type":"ReadAction","target":["https:\/\/www.perfectvanwamel.com\/fr\/nieuws-fr\/gamma-expansion\/"]}]},{"@type":"ImageObject","inLanguage":"fr-FR","@id":"https:\/\/www.perfectvanwamel.com\/fr\/nieuws-fr\/gamma-expansion\/#primaryimage","url":"https:\/\/www.perfectvanwamel.com\/wp-content\/uploads\/2024\/11\/GB-150-zonder-mechanische-hefinrichting.-Perfect-Van-Wamel-1_ID_met-logo-e1731316925269.jpg","contentUrl":"https:\/\/www.perfectvanwamel.com\/wp-content\/uploads\/2024\/11\/GB-150-zonder-mechanische-hefinrichting.-Perfect-Van-Wamel-1_ID_met-logo-e1731316925269.jpg","width":2500,"height":1875},{"@type":"BreadcrumbList","@id":"https:\/\/www.perfectvanwamel.com\/fr\/nieuws-fr\/gamma-expansion\/#breadcrumb","itemListElement":[{"@type":"ListItem","position":1,"name":"Home","item":"https:\/\/staging.perfectvanwamel.com\/fr\/"},{"@type":"ListItem","position":2,"name":"PERFECT \u00e9largit sa gamme de produits en collaboration avec Evers Agro"}]},{"@type":"WebSite","@id":"https:\/\/www.perfectvanwamel.com\/fr\/#website","url":"https:\/\/www.perfectvanwamel.com\/fr\/","name":"PERFECT - Van Wamel","description":"","potentialAction":[{"@type":"SearchAction","target":{"@type":"EntryPoint","urlTemplate":"https:\/\/www.perfectvanwamel.com\/fr\/?s={search_term_string}"},"query-input":{"@type":"PropertyValueSpecification","valueRequired":true,"valueName":"search_term_string"}}],"inLanguage":"fr-FR"},{"@type":"Person","@id":"https:\/\/www.perfectvanwamel.com\/fr\/#\/schema\/person\/c57294d62952029fe4f3921c19ab3d91","name":"mireilledjong","image":{"@type":"ImageObject","inLanguage":"fr-FR","@id":"https:\/\/www.perfectvanwamel.com\/wp-content\/litespeed\/avatar\/a9397e32afdcf53b101fac9c60ab9bba.jpg?ver=1777454767","url":"https:\/\/www.perfectvanwamel.com\/wp-content\/litespeed\/avatar\/a9397e32afdcf53b101fac9c60ab9bba.jpg?ver=1777454767","contentUrl":"https:\/\/www.perfectvanwamel.com\/wp-content\/litespeed\/avatar\/a9397e32afdcf53b101fac9c60ab9bba.jpg?ver=1777454767","caption":"mireilledjong"}}]}},"_links":{"self":[{"href":"https:\/\/www.perfectvanwamel.com\/fr\/wp-json\/wp\/v2\/posts\/15144","targetHints":{"allow":["GET"]}}],"collection":[{"href":"https:\/\/www.perfectvanwamel.com\/fr\/wp-json\/wp\/v2\/posts"}],"about":[{"href":"https:\/\/www.perfectvanwamel.com\/fr\/wp-json\/wp\/v2\/types\/post"}],"author":[{"embeddable":true,"href":"https:\/\/www.perfectvanwamel.com\/fr\/wp-json\/wp\/v2\/users\/298"}],"replies":[{"embeddable":true,"href":"https:\/\/www.perfectvanwamel.com\/fr\/wp-json\/wp\/v2\/comments?post=15144"}],"version-history":[{"count":2,"href":"https:\/\/www.perfectvanwamel.com\/fr\/wp-json\/wp\/v2\/posts\/15144\/revisions"}],"predecessor-version":[{"id":16515,"href":"https:\/\/www.perfectvanwamel.com\/fr\/wp-json\/wp\/v2\/posts\/15144\/revisions\/16515"}],"wp:featuredmedia":[{"embeddable":true,"href":"https:\/\/www.perfectvanwamel.com\/fr\/wp-json\/wp\/v2\/media\/15140"}],"wp:attachment":[{"href":"https:\/\/www.perfectvanwamel.com\/fr\/wp-json\/wp\/v2\/media?parent=15144"}],"wp:term":[{"taxonomy":"category","embeddable":true,"href":"https:\/\/www.perfectvanwamel.com\/fr\/wp-json\/wp\/v2\/categories?post=15144"},{"taxonomy":"post_tag","embeddable":true,"href":"https:\/\/www.perfectvanwamel.com\/fr\/wp-json\/wp\/v2\/tags?post=15144"}],"curies":[{"name":"wp","href":"https:\/\/api.w.org\/{rel}","templated":true}]}}